{"id":40473,"date":"2023-06-15T15:08:00","date_gmt":"2023-06-15T18:08:00","guid":{"rendered":"https:\/\/www.radiopresidenteibanez.cl\/web\/?p=40473"},"modified":"2023-06-15T11:40:56","modified_gmt":"2023-06-15T14:40:56","slug":"pasajero-del-tren-oscar-riquelme-valle-desde-temuco","status":"publish","type":"post","link":"https:\/\/www.radiopresidenteibanez.cl\/web\/pasajero-del-tren-oscar-riquelme-valle-desde-temuco\/","title":{"rendered":"PASAJERO\u00a0 DEL\u00a0 TREN:\u00a0 \u00d3SCAR RIQUELME VALLE\u00a0 DESDE TEMUCO"},"content":{"rendered":"\n<p>Este viernes 16 de junio, 19 hrs. (de Magallanes) el programa&nbsp;<em>\u201cEl \u00faltimo tren a casa\u201d<\/em>&nbsp;que produce el&nbsp;<em>Colectivo Aczi\u00f3n Kultural<\/em>&nbsp;&nbsp;y&nbsp;&nbsp;que conduce&nbsp;<em>Pedro Guichapany&nbsp;<\/em>en radio Presidente Ib\u00e1\u00f1ez presenta la secci\u00f3n&nbsp;<em>\u201cPasajero del Tren\u201d<\/em>, dedicada a aquellos auditores que viven fuera de la ciudad, regi\u00f3n y pa\u00eds, quienes son invitados a programar una edici\u00f3n musicalmente. En la jornada de hoy es el turno de&nbsp;<em>\u00d3scar Riquelme Valle<\/em>, magall\u00e1nico radicado en la ciudad de Temuco, profesional audiovisual.&nbsp;&nbsp;Es hijo del fot\u00f3grafo,&nbsp;&nbsp;gestor cultural y mel\u00f3mano&nbsp;<em>\u00d3scar Riquelme Navarro,<\/em>&nbsp;fallecido el 23 de febrero de 2021.<\/p>\n\n\n\n<p>En su misiva al programa nuestro invitado indica:&nbsp;<em>\u201cSaludar al programa \u201cEl \u00daltimo tren a casa\u201d&nbsp;&nbsp;del amigo Pedro, que me invit\u00f3 a participar eligiendo un set de diez canciones. Decir que para mi el escuchar m\u00fasica es algo que viene desde muy chico, un gusto alimentado principalmente por mi padre,&nbsp;&nbsp;un alma rockera, aqu\u00ed le dedico este listado, pero sobre todo esta primera canci\u00f3n de Ten Years After \u201cI&#8217;d love to change the World\u201d que disfrutamos en conjunto.&nbsp;&nbsp;En la lista podemos encontrar una gran mezcla de estilos todos cargados hacia el rock, bandas chilenas que he estado escuchando \u00faltimamente&nbsp;&nbsp;como \u201cRai Santander\u201d y \u201cC\u00f3mo Asesinar a Felipes\u201d donde Rai Santander tambi\u00e9n toca el bajo. y algunas otras canciones cl\u00e1sicas que siempre me acompa\u00f1an como \u201cBlack Sabbath\u201d (que tuve el gusto de compartir su \u00faltimo concierto el chile con mi padre) y TOOL.<\/em><\/p>\n\n\n\n<p><em>Finalmente Las bandas de rock argentino son una mezcla de una banda sonora de la infancia con bandas ic\u00f3nicas como Los Redonditos\u201d y su estilo \u00fanico al que siempre vuelvo y mis primeros gustos musicales como la banda A.N.I.M.A.L .<\/em><\/p>\n\n\n\n<p><em>Un gran saludo Pedro y a tu programa, gracias por la invitaci\u00f3n, aguante el rock!&#8230;\u201d<\/em><\/p>\n\n\n\n<p>La propuesta musical de&nbsp;<em>\u00d3scar Riquelme Valle<\/em>&nbsp;incluye:&nbsp;<\/p>\n\n\n\n<p><em>Ten Years After &#8211; C\u00f3mo Asesinar A Felipes \u2013 Akinet\u00f3n Retard &#8211; Tool &#8211; Black Sabbath &#8211; Rage Against the Machine &#8211; The Cure &#8211; A.N.I.M.A.L \u2013 Los&nbsp;&nbsp;Redonditos de Ricota &#8211; La Renga &#8211; Rai Santander y los CTM.<\/em><\/p>\n\n\n\n<p>88.5 FM \u2013&nbsp;<a href=\"http:\/\/www.radiopresidenteibanez.cl\/\" rel=\"noreferrer noopener\" target=\"_blank\">www.radiopresidenteibanez.cl<\/a>&nbsp;\u2013 Facebook live&nbsp;&nbsp;&nbsp;&nbsp;<\/p>\n","protected":false},"excerpt":{"rendered":"<p>Este viernes 16 de junio, 19 hrs. (de Magallanes) el programa&nbsp;\u201cEl \u00faltimo tren a casa\u201d&nbsp;que produce el&nbsp;Colectivo Aczi\u00f3n Kultural&nbsp;&nbsp;y&nbsp;&nbsp;que conduce&nbsp;Pedro Guichapany&nbsp;en radio Presidente Ib\u00e1\u00f1ez presenta la secci\u00f3n&nbsp;\u201cPasajero del Tren\u201d, dedicada&#8230; <a class=\"read-more\" href=\"https:\/\/www.radiopresidenteibanez.cl\/web\/pasajero-del-tren-oscar-riquelme-valle-desde-temuco\/\">Leer m\u00e1s<\/a><\/p>\n","protected":false},"author":2,"featured_media":40474,"comment_status":"closed","ping_status":"closed","sticky":false,"template":"","format":"standard","meta":{"footnotes":""},"categories":[1],"tags":[],"class_list":["post-40473","post","type-post","status-publish","format-standard","has-post-thumbnail","hentry","category-cronica"],"_links":{"self":[{"href":"https:\/\/www.radiopresidenteibanez.cl\/web\/wp-json\/wp\/v2\/posts\/40473","targetHints":{"allow":["GET"]}}],"collection":[{"href":"https:\/\/www.radiopresidenteibanez.cl\/web\/wp-json\/wp\/v2\/posts"}],"about":[{"href":"https:\/\/www.radiopresidenteibanez.cl\/web\/wp-json\/wp\/v2\/types\/post"}],"author":[{"embeddable":true,"href":"https:\/\/www.radiopresidenteibanez.cl\/web\/wp-json\/wp\/v2\/users\/2"}],"replies":[{"embeddable":true,"href":"https:\/\/www.radiopresidenteibanez.cl\/web\/wp-json\/wp\/v2\/comments?post=40473"}],"version-history":[{"count":0,"href":"https:\/\/www.radiopresidenteibanez.cl\/web\/wp-json\/wp\/v2\/posts\/40473\/revisions"}],"wp:featuredmedia":[{"embeddable":true,"href":"https:\/\/www.radiopresidenteibanez.cl\/web\/wp-json\/wp\/v2\/media\/40474"}],"wp:attachment":[{"href":"https:\/\/www.radiopresidenteibanez.cl\/web\/wp-json\/wp\/v2\/media?parent=40473"}],"wp:term":[{"taxonomy":"category","embeddable":true,"href":"https:\/\/www.radiopresidenteibanez.cl\/web\/wp-json\/wp\/v2\/categories?post=40473"},{"taxonomy":"post_tag","embeddable":true,"href":"https:\/\/www.radiopresidenteibanez.cl\/web\/wp-json\/wp\/v2\/tags?post=40473"}],"curies":[{"name":"wp","href":"https:\/\/api.w.org\/{rel}","templated":true}]}}