{"id":40464,"date":"2023-06-15T11:13:00","date_gmt":"2023-06-15T14:13:00","guid":{"rendered":"https:\/\/www.radiopresidenteibanez.cl\/web\/?p=40464"},"modified":"2023-06-15T08:24:28","modified_gmt":"2023-06-15T11:24:28","slug":"este-sabado-pianista-argentina-daniela-salinas-brinda-concierto-en-la-umag","status":"publish","type":"post","link":"https:\/\/www.radiopresidenteibanez.cl\/web\/este-sabado-pianista-argentina-daniela-salinas-brinda-concierto-en-la-umag\/","title":{"rendered":"ESTE SABADO PIANISTA ARGENTINA DANIELA SALINAS BRINDA CONCIERTO EN LA UMAG"},"content":{"rendered":"\n<p>Para la cuarta y \u00faltima fecha del semestre de su Temporada de Conciertos 2023, el Conservatorio de M\u00fasica de la Universidad de Magallanes (UMAG) tendr\u00e1 como invitada a la destacada pianista argentina Daniela Salinas, quien se presentar\u00e1 este s\u00e1bado 17 de junio a las 19.00 horas en el Auditorio Ernesto Livacic&nbsp;de la casa central. La entrada es liberada y no requiere inscripci\u00f3n previa.<\/p>\n\n\n\n<p>Nacida en la Patagonia, actualmente es profesora del Conservatorio Superior de M\u00fasica de la ciudad de Buenos Aires. Desarrolla una intensa actividad como concertista en las principales salas de Argentina, como solista y pianista de m\u00fasica de c\u00e1mara, y su creciente actividad en el extranjero la ha&nbsp;llevado a dar conciertos en Brasil, M\u00e9xico, Francia, Espa\u00f1a, Portugal, Estados Unidos y nuestro pa\u00eds. Ha actuado en numerosos festivales, entre los que destacan \u201cTrester Festival for Latin American Music\u201d (EE.UU.), \u201cEchoes Festival of Classical Latin Music\u201d (UK), \u201cFestival Piano Piano\u201d (ARG), \u201cPiazzolla 100\u201d(ARG), \u201cFestival de M\u00fasica Cl\u00e1sica y Latinoamericana\u201d de La Rioja.<\/p>\n\n\n\n<p>Gran parte de su repertorio est\u00e1 dedicado a la m\u00fasica latinoamericana y europea de principios del siglo XX. En 2020 graba su primer disco solista con el apoyo del Instituto Nacional de la M\u00fasica de Argentina, obteniendo excelentes cr\u00edticas de la prensa y la nominaci\u00f3n a \u00abMejor \u00c1lbum de M\u00fasica Cl\u00e1sica\u00bb de los Premios Gardel 2021 (principal premio discogr\u00e1fico de Sudam\u00e9rica). Ha sido jurado de concursos internacionales de piano de Argentina, Estados Unidos y Ucrania.<\/p>\n\n\n\n<p>Adem\u00e1s de otorgar un concierto, la int\u00e9rprete visitar\u00e1 el Conservatorio UMAG para dictar una masterclass y diferentes capacitaciones a las y los estudiantes y profesores, retomando y continuando su relaci\u00f3n con el recinto educativo, que comenz\u00f3 a\u00f1os atr\u00e1s, siendo importante referente para algunos de los docentes de piano.<\/p>\n","protected":false},"excerpt":{"rendered":"<p>Para la cuarta y \u00faltima fecha del semestre de su Temporada de Conciertos 2023, el Conservatorio de M\u00fasica de la Universidad de Magallanes (UMAG) tendr\u00e1 como invitada a la destacada&#8230; <a class=\"read-more\" href=\"https:\/\/www.radiopresidenteibanez.cl\/web\/este-sabado-pianista-argentina-daniela-salinas-brinda-concierto-en-la-umag\/\">Leer m\u00e1s<\/a><\/p>\n","protected":false},"author":2,"featured_media":40465,"comment_status":"closed","ping_status":"closed","sticky":false,"template":"","format":"standard","meta":{"footnotes":""},"categories":[1],"tags":[],"class_list":["post-40464","post","type-post","status-publish","format-standard","has-post-thumbnail","hentry","category-cronica"],"_links":{"self":[{"href":"https:\/\/www.radiopresidenteibanez.cl\/web\/wp-json\/wp\/v2\/posts\/40464","targetHints":{"allow":["GET"]}}],"collection":[{"href":"https:\/\/www.radiopresidenteibanez.cl\/web\/wp-json\/wp\/v2\/posts"}],"about":[{"href":"https:\/\/www.radiopresidenteibanez.cl\/web\/wp-json\/wp\/v2\/types\/post"}],"author":[{"embeddable":true,"href":"https:\/\/www.radiopresidenteibanez.cl\/web\/wp-json\/wp\/v2\/users\/2"}],"replies":[{"embeddable":true,"href":"https:\/\/www.radiopresidenteibanez.cl\/web\/wp-json\/wp\/v2\/comments?post=40464"}],"version-history":[{"count":0,"href":"https:\/\/www.radiopresidenteibanez.cl\/web\/wp-json\/wp\/v2\/posts\/40464\/revisions"}],"wp:featuredmedia":[{"embeddable":true,"href":"https:\/\/www.radiopresidenteibanez.cl\/web\/wp-json\/wp\/v2\/media\/40465"}],"wp:attachment":[{"href":"https:\/\/www.radiopresidenteibanez.cl\/web\/wp-json\/wp\/v2\/media?parent=40464"}],"wp:term":[{"taxonomy":"category","embeddable":true,"href":"https:\/\/www.radiopresidenteibanez.cl\/web\/wp-json\/wp\/v2\/categories?post=40464"},{"taxonomy":"post_tag","embeddable":true,"href":"https:\/\/www.radiopresidenteibanez.cl\/web\/wp-json\/wp\/v2\/tags?post=40464"}],"curies":[{"name":"wp","href":"https:\/\/api.w.org\/{rel}","templated":true}]}}