{"id":40461,"date":"2023-06-15T10:24:00","date_gmt":"2023-06-15T13:24:00","guid":{"rendered":"https:\/\/www.radiopresidenteibanez.cl\/web\/?p=40461"},"modified":"2023-06-15T08:20:20","modified_gmt":"2023-06-15T11:20:20","slug":"autoridades-acompanan-a-ex-prisioneros-politicos-a-isla-dawson","status":"publish","type":"post","link":"https:\/\/www.radiopresidenteibanez.cl\/web\/autoridades-acompanan-a-ex-prisioneros-politicos-a-isla-dawson\/","title":{"rendered":"AUTORIDADES ACOMPA\u00d1AN A EX PRISIONEROS POLITICOS A ISLA DAWSON"},"content":{"rendered":"\n<p>La ministra de Defensa, Maya Fern\u00e1ndez, el\u00a0ministro de las Culturas y las Artes, Jaime de Aguirre y el Delegado Presidencial Regional, Jos\u00e9 Ruiz Pivcevic, participaron de una serie de actividades de memoria en la\u00a0Isla Dawson, a la que asistieron casi un centenar de ex prisioneros pol\u00edticos, familiares y organizaciones de derechos humanos, en el mismo lugar donde hubo un campamento para<br>detenidos entre los a\u00f1os 1973 y 1974, durante la dictadura.<br>Memoria, futuro, democracia y reparaci\u00f3n, fueron algunos de los conceptos m\u00e1s repetidos, tanto en las<br>intervenciones de los ex prisioneros, sus familiares y las autoridades de Gobierno. La Isla Dawson, ubicada al sur de Punta Arenas en el estrecho de Magallanes fue un campo de concentraci\u00f3n de prisioneros pol\u00edticos despu\u00e9s del golpe de Estado civil y militar. \u201cEs el campo de prisioneros m\u00e1s austral que se haya construido\u201d, record\u00f3 el Delegado Presidencial, y que alberg\u00f3 a unas 600 personas, incluida unas cincuenta tra\u00eddas de Santiago y que en su mayor\u00eda eran colaboradores cercanos al derrocado presidente Salvador Allende.<br>El recorrido comenz\u00f3 en el sector de R\u00edo Chico, unos 25 kil\u00f3metros al norte de Puerto Harris, el poblado de la base naval, en donde se emplazaron las barracas que albergaron a los detenidos. All\u00ed se realiz\u00f3 un acto conmemorativo que record\u00f3 a quienes sufrieron de las inclemencias del clima y de los trabajos forzados. En el sitio ya declarado patrimonial, hubo cantos, poes\u00eda, el entierro de una \u201cc\u00e1psula del tiempo\u201d, discursos, testimonios, reflexi\u00f3n y reencuentros.<br>Las casi 150 personas regresaron a Puerto Harris, donde visitaron la iglesia, para enseguida asistir al acto<br>central en el gimnasio de la base militar. Entre los asistentes estaban los subsecretarios de Defensa y Justicia, el Delegado Presidencial para los 50 a\u00f1os, Patricio Fern\u00e1ndez, las diputadas Carmen Hertz y Javiera Morales.<br>Junto a las autoridades y en toda la jornada, tambi\u00e9n particip\u00f3 el comandante en jefe de la Armada,<br>almirante Juan Andr\u00e9s de la Maza.<br>Las distintas organizaciones de derechos humanos enfatizaron las deudas del Estado en cuanto a la<br>necesidad de m\u00e1s justicia para las v\u00edctimas de violaciones a los derechos humanos, actos y acciones de<br>reparaci\u00f3n, as\u00ed como medidas que impidan la repetici\u00f3n de los cr\u00edmenes.<br>A su vez, la ministra de Defensa Nacional, Maya Fern\u00e1ndez, dijo que \u201cestar hoy en Isla Dawson refleja que,<br>desde este lugar, en el conf\u00edn del mundo, se puede construir un nuevo futuro, basado en la democracia, en la unidad y en el respeto incondicional de los derechos humanos. El presidente Gabriel Boric nos ha<br>encomendado que conmemoremos los 50 a\u00f1os del golpe mirando hacia el futuro y las nuevas generaciones desde la memoria\u201d.<\/p>\n\n\n\n<p>\u00a0La ministra agradeci\u00f3 el esfuerzo de los familiares, quienes \u201chan compartido con nosotros los recuerdos y vivencias que les significa estar en Isla Dawson\u201d; y tambi\u00e9n \u201ca nuestras Fuerzas Armadas, quienes han<br>contribuido enormemente a este hito: a la Armada de Chile y a su comandante en Jefe que hoy nos<br>acompa\u00f1a, primero por su colaboraci\u00f3n en la preparaci\u00f3n de este hito; y segundo por su comprensi\u00f3n de lo que implica este momento; y a la FACH y el Ej\u00e9rcito, por disponer el traslado de los que hoy estamos ac\u00e1, tanto desde Santiago, como dentro de la regi\u00f3n y de la isla\u201d.<br>\u00a0Jaime de Aguirre, en tanto, indic\u00f3 que \u201cestamos en uno de los lugares m\u00e1s australes del mundo, que fue<br>testimonio y testigo de hechos que no queremos que se repitan. La Isla Dawson es uno de los sitios de<br>memoria m\u00e1s importantes y emblem\u00e1ticos de nuestro pa\u00eds. Esta visita ha tenido un profundo simbolismo, ya que es parte de la conmemoraci\u00f3n de los 50 a\u00f1os del golpe de Estado, es una oportunidad para que la<br>sociedad chilena reflexione sobre la importancia de la memoria y la democracia para construir un futuro<br>mejor\u201d.<br>El Campamento Rio Chico<br>A pocos d\u00edas de producido el golpe de Estado,\u00a0la Armada instal\u00f3 en la isla Dawson un campo de prisioneros provisorio en el sector llamado Compingin, donde recluyeron a los colaboradores de Allende detenidos en Santiago y algunas personas capturadas en Punta Arenas. En paralelo, la Armada constru\u00eda un campo de prisioneros dise\u00f1ado para recibir a m\u00e1s de mil personas, ubicado en R\u00edo Chico, unos 25 kil\u00f3metros al norte de la isla. Ese campamento se abri\u00f3 el 21 de septiembre, y lleg\u00f3 a albergar a unos 600 prisioneros.<br>Los\u00a0detenidos fueron obligados a\u00a0realizar trabajos forzados, sometidos a malos tratos, golpizas, torturas,<br>aislamiento, sin la ropa adecuada al clima y mal alimentados.<\/p>\n","protected":false},"excerpt":{"rendered":"<p>La ministra de Defensa, Maya Fern\u00e1ndez, el\u00a0ministro de las Culturas y las Artes, Jaime de Aguirre y el Delegado Presidencial Regional, Jos\u00e9 Ruiz Pivcevic, participaron de una serie de actividades&#8230; <a class=\"read-more\" href=\"https:\/\/www.radiopresidenteibanez.cl\/web\/autoridades-acompanan-a-ex-prisioneros-politicos-a-isla-dawson\/\">Leer m\u00e1s<\/a><\/p>\n","protected":false},"author":2,"featured_media":40462,"comment_status":"closed","ping_status":"closed","sticky":false,"template":"","format":"standard","meta":{"footnotes":""},"categories":[1],"tags":[],"class_list":["post-40461","post","type-post","status-publish","format-standard","has-post-thumbnail","hentry","category-cronica"],"_links":{"self":[{"href":"https:\/\/www.radiopresidenteibanez.cl\/web\/wp-json\/wp\/v2\/posts\/40461","targetHints":{"allow":["GET"]}}],"collection":[{"href":"https:\/\/www.radiopresidenteibanez.cl\/web\/wp-json\/wp\/v2\/posts"}],"about":[{"href":"https:\/\/www.radiopresidenteibanez.cl\/web\/wp-json\/wp\/v2\/types\/post"}],"author":[{"embeddable":true,"href":"https:\/\/www.radiopresidenteibanez.cl\/web\/wp-json\/wp\/v2\/users\/2"}],"replies":[{"embeddable":true,"href":"https:\/\/www.radiopresidenteibanez.cl\/web\/wp-json\/wp\/v2\/comments?post=40461"}],"version-history":[{"count":0,"href":"https:\/\/www.radiopresidenteibanez.cl\/web\/wp-json\/wp\/v2\/posts\/40461\/revisions"}],"wp:featuredmedia":[{"embeddable":true,"href":"https:\/\/www.radiopresidenteibanez.cl\/web\/wp-json\/wp\/v2\/media\/40462"}],"wp:attachment":[{"href":"https:\/\/www.radiopresidenteibanez.cl\/web\/wp-json\/wp\/v2\/media?parent=40461"}],"wp:term":[{"taxonomy":"category","embeddable":true,"href":"https:\/\/www.radiopresidenteibanez.cl\/web\/wp-json\/wp\/v2\/categories?post=40461"},{"taxonomy":"post_tag","embeddable":true,"href":"https:\/\/www.radiopresidenteibanez.cl\/web\/wp-json\/wp\/v2\/tags?post=40461"}],"curies":[{"name":"wp","href":"https:\/\/api.w.org\/{rel}","templated":true}]}}