{"id":40440,"date":"2023-06-14T14:53:00","date_gmt":"2023-06-14T17:53:00","guid":{"rendered":"https:\/\/www.radiopresidenteibanez.cl\/web\/?p=40440"},"modified":"2023-06-14T11:07:31","modified_gmt":"2023-06-14T14:07:31","slug":"mas-de-120-pymes-y-emprendedores-asistieron-a-despegando-desde-magallanes-para-la-cita-con-el-primer-venture-capital-en-la-region","status":"publish","type":"post","link":"https:\/\/www.radiopresidenteibanez.cl\/web\/mas-de-120-pymes-y-emprendedores-asistieron-a-despegando-desde-magallanes-para-la-cita-con-el-primer-venture-capital-en-la-region\/","title":{"rendered":"M\u00c1S DE 120 PYMES Y EMPRENDEDORES ASISTIERON A \u201cDESPEGANDO DESDE MAGALLANES\u201d PARA LA CITA CON EL PRIMER VENTURE CAPITAL EN LA REGI\u00d3N"},"content":{"rendered":"\n<p>&nbsp;Una exitosa convocatoria se vivi\u00f3 en el Primer encuentro Pitch \u2013 Networking \u201cDespegando desde Magallanes\u201d, donde m\u00e1s de 120 pymes y emprendedores asistieron a la cita con el primer venture capital de la regi\u00f3n. El evento fue organizado por laRed de Asistencia Digital Fortalece Pyme de Corfo Magallanes, junto a NEO Patagonia, BancoEstado Microempresas y Centro de Negocios de Sercotec.<\/p>\n\n\n\n<p>La din\u00e1mica consisti\u00f3 en la presentaci\u00f3n de contempla 4 pitch regionales que concursaron por el premio Itech&amp;Music y pudieron sostener reuniones con el fondo de inversiones. Posteriormente, se desarroll\u00f3 un networking donde las pymes y emprendedores participantes puedieron conectarse y generar nuevas redes.<\/p>\n\n\n\n<p>El Premio Ganador del Premio Itech&amp;Music, fue para el emprendedor Cristofer Matulich, del equipo TANU, empresa de tecnolog\u00eda de visi\u00f3n artificial comprometida con la conservaci\u00f3n del medio ambiente. Present\u00f3 el proyecto, Centinela TANU, utiliza tecnolog\u00eda avanzada para detectar y cuantificar aves, datos necesarios detallados sobre su diversidad, distribuci\u00f3n y comportamiento. Esto es crucial porque las aves son indicadores clave, de la salud del ecosistema lo cual responde a evaluar el impacto ambiental de los proyectos de hidr\u00f3geno y garantizar un desarrollo sostenible.<\/p>\n\n\n\n<p>El Antonio Castilla, CEO de ACN Capital y del fondo de inversiones Nexo Chile Ventures I, Director de la Bolsa de Comercio de Santiago con m\u00e1s de 30 a\u00f1os de experiencia en el rubro financiero y empresarial, motiv\u00f3 y transmiti\u00f3 a los asistentes que \u201cestamos en una oportunidad \u00fanica, los ojos del mundo est\u00e1n sobre Magallanes. \u00a1Hoy el mapa debe mirarse al rev\u00e9s!\u201d.<\/p>\n\n\n\n<p>El Venture Capital, socio estrat\u00e9gico de Corfo,&nbsp;&nbsp;tras varias reuniones sostenidas en Magallanes desea crear e impulsar el Fondo Magallanes, con el objetivo de invertir en emprendimientos con potencial de escalamiento, desde Magallanes hacia al Mundo, e invita a empresarios lideres de la regi\u00f3n a unirse. Ante cualquier consulta, pueden dirigirse a&nbsp;<a href=\"mailto:andres@acn.capital.cl\" target=\"_blank\" rel=\"noreferrer noopener\">andres@acn.capital.cl<\/a>.<\/p>\n\n\n\n<p>Karina Gonz\u00e1lez, gerente de FPyme Magallanes, destac\u00f3 que \u201ceste es el primer evento Pitch-Networking que organizamos como parte de unos de los objetivos de nuestro programa, que busca que tanto los emprendedores como pymes puedan crear lazos y unir puntos. La idea es poder seguir generando instancias y la gesti\u00f3n de la visita de mentores a la regi\u00f3n, l\u00edderes del mundo del emprendimiento, as\u00ed como inversores en Chile, que crean en la zona m\u00e1s austral de Chile, pare que aporten al crecimiento del ecosistema e innovaci\u00f3n. Debemos capitalizar el inter\u00e9s que ha generado el hidr\u00f3geno verde y desde nuestras herramientas apoyadas por Corfo, seguiremos aportando nuestro granito de arena para Magallanes\u201d.<\/p>\n\n\n\n<p>El \u00e9xito de este primer evento \u201cDespegando desde Magallanes\u201d, que tuvo lugar el viernes 9 de junio, no hubiera sido posible sin el apoyo y colaboraci\u00f3n de Corfo Regional, Fortalece Pyme de Corfo, Neo Patagonia, BancoEstado, Centro de Negocios Sercotec y&nbsp;&nbsp;Cervecer\u00eda Austral.<\/p>\n","protected":false},"excerpt":{"rendered":"<p>&nbsp;Una exitosa convocatoria se vivi\u00f3 en el Primer encuentro Pitch \u2013 Networking \u201cDespegando desde Magallanes\u201d, donde m\u00e1s de 120 pymes y emprendedores asistieron a la cita con el primer venture&#8230; <a class=\"read-more\" href=\"https:\/\/www.radiopresidenteibanez.cl\/web\/mas-de-120-pymes-y-emprendedores-asistieron-a-despegando-desde-magallanes-para-la-cita-con-el-primer-venture-capital-en-la-region\/\">Leer m\u00e1s<\/a><\/p>\n","protected":false},"author":2,"featured_media":40441,"comment_status":"closed","ping_status":"closed","sticky":false,"template":"","format":"standard","meta":{"footnotes":""},"categories":[1],"tags":[],"class_list":["post-40440","post","type-post","status-publish","format-standard","has-post-thumbnail","hentry","category-cronica"],"_links":{"self":[{"href":"https:\/\/www.radiopresidenteibanez.cl\/web\/wp-json\/wp\/v2\/posts\/40440","targetHints":{"allow":["GET"]}}],"collection":[{"href":"https:\/\/www.radiopresidenteibanez.cl\/web\/wp-json\/wp\/v2\/posts"}],"about":[{"href":"https:\/\/www.radiopresidenteibanez.cl\/web\/wp-json\/wp\/v2\/types\/post"}],"author":[{"embeddable":true,"href":"https:\/\/www.radiopresidenteibanez.cl\/web\/wp-json\/wp\/v2\/users\/2"}],"replies":[{"embeddable":true,"href":"https:\/\/www.radiopresidenteibanez.cl\/web\/wp-json\/wp\/v2\/comments?post=40440"}],"version-history":[{"count":0,"href":"https:\/\/www.radiopresidenteibanez.cl\/web\/wp-json\/wp\/v2\/posts\/40440\/revisions"}],"wp:featuredmedia":[{"embeddable":true,"href":"https:\/\/www.radiopresidenteibanez.cl\/web\/wp-json\/wp\/v2\/media\/40441"}],"wp:attachment":[{"href":"https:\/\/www.radiopresidenteibanez.cl\/web\/wp-json\/wp\/v2\/media?parent=40440"}],"wp:term":[{"taxonomy":"category","embeddable":true,"href":"https:\/\/www.radiopresidenteibanez.cl\/web\/wp-json\/wp\/v2\/categories?post=40440"},{"taxonomy":"post_tag","embeddable":true,"href":"https:\/\/www.radiopresidenteibanez.cl\/web\/wp-json\/wp\/v2\/tags?post=40440"}],"curies":[{"name":"wp","href":"https:\/\/api.w.org\/{rel}","templated":true}]}}