{"id":40434,"date":"2023-06-14T13:48:00","date_gmt":"2023-06-14T16:48:00","guid":{"rendered":"https:\/\/www.radiopresidenteibanez.cl\/web\/?p=40434"},"modified":"2023-06-14T09:52:04","modified_gmt":"2023-06-14T12:52:04","slug":"estudiantes-de-ensenanza-media-interesados-en-desarrollar-acciones-colaborativas-con-la-umag","status":"publish","type":"post","link":"https:\/\/www.radiopresidenteibanez.cl\/web\/estudiantes-de-ensenanza-media-interesados-en-desarrollar-acciones-colaborativas-con-la-umag\/","title":{"rendered":"ESTUDIANTES DE ENSE\u00d1ANZA MEDIA INTERESADOS EN DESARROLLAR ACCIONES COLABORATIVAS CON LA UMAG"},"content":{"rendered":"\n<p>Cerca de 40 estudiantes de ense\u00f1anza media de colegios municipales, subvencionados y particulares, est\u00e1n interesados en constituir un Consejo Estudiantil Regional que aglutine a todos los centros de alumnos de los establecimientos de la regi\u00f3n y trabajar en liderazgos, pero tambi\u00e9n en diversos temas como salud, medio ambiente, deporte, log\u00edstica, cultura y artes.<\/p>\n\n\n\n<p>Estos fueron parte de los temas que abordaron algunos de los estudiantes, directivos de&nbsp;centros de alumnos,&nbsp;en una reciente visita realizada a la Rector\u00eda de la Universidad de Magallanes, manifest\u00e1ndose el inter\u00e9s en ejecutar acciones de apoyo al trabajo que desarrollan los j\u00f3venes, seg\u00fan destacaron autoridades acad\u00e9micas de la UMAG.<\/p>\n\n\n\n<p>Las y los j\u00f3venes tambi\u00e9n sostuvieron reuniones con el Gobierno Regional que ha dado los espacios para que los estudiantes de ense\u00f1anza media vivan pasant\u00edas en diferentes unidades de la instituci\u00f3n p\u00fablica y sepan el trabajo que all\u00ed se desarrolla.<\/p>\n\n\n\n<p>Fueron recibidos por el Rector, Jos\u00e9 Maripani; la Prorrectora, Mariela Alarc\u00f3n y la Vicerrectora Acad\u00e9mica, Anah\u00ed C\u00e1rcamo, m\u00e1s la presencia de Vajna Rogosich, de la Divisi\u00f3n de Desarrollo Social y Humano del Gobierno Regional.<\/p>\n\n\n\n<p>Anah\u00ed C\u00e1rcamo, Vicerrectora Acad\u00e9mica, destac\u00f3 el inter\u00e9s de las y los estudiantes de ense\u00f1anza media por agruparse para tener participaci\u00f3n, un espacio democr\u00e1tico de intereses, necesidades o consultas.<\/p>\n\n\n\n<p>Record\u00f3 que ella particip\u00f3 en el primer encuentro sostenido hace dos semanas con el gobernador regional, Jorge Flies, donde los alumnos manifestaron su inter\u00e9s en poder disponer de un apoyo virtual o software que les permita realizar una consulta que ratifique la instancia del futuro Consejo Estudiantil Regional a trav\u00e9s del respaldo de los centros de alumnos y alumnas de la regi\u00f3n.<\/p>\n\n\n\n<p>\u201cComo educaci\u00f3n superior podemos apoyar a los j\u00f3venes u orientarlos a sus intereses. Tienen comisiones de medio ambiente, cultura y artes, salud, deporte, log\u00edstica y liderazgo, comunicaciones. Incluso hay inter\u00e9s en apoyarlos en dise\u00f1o de una p\u00e1gina web y apoyarlos en actividades que aporten a la formaci\u00f3n y conocimiento en las distintas \u00e1reas donde quieren trabajar\u201d, sostuvo la autoridad acad\u00e9mica.<\/p>\n\n\n\n<p>La Prorrectora, Mariela Alarc\u00f3n, resalt\u00f3 \u201cel acercamiento con los estudiantes, tanto desde el punto de vista de conocer nuestra infraestructura, como tambi\u00e9n conocer todas las potencialidades que ellos pueden identificar para su proyecto de vida como futuros profesionales; en el sentido de identificar carreras, servicios, actividades, que desde ya pueden ellos desarrollar con esa mirada a instalarse en la educaci\u00f3n superior\u201d.<\/p>\n\n\n\n<p>La Vicerrectora Acad\u00e9mica, Anah\u00ed C\u00e1rcamo, complement\u00f3 que tambi\u00e9n es importante la articulaci\u00f3n de la educaci\u00f3n superior con la ense\u00f1anza media. \u201cDe alguna manera aprender, entender y escuchar a los j\u00f3venes, que es muy importante porque para nosotros puede ser un aprendizaje del foco y la orientaci\u00f3n que le podemos dar a nuestras carreras que ya existen y tambi\u00e9n pensar, desde las necesidades de los j\u00f3venes y el inter\u00e9s por estudiar en ciertas \u00e1reas. Tambi\u00e9n levantar carreras que tengan que ver con las necesidades de ellos y de la regi\u00f3n en una combinaci\u00f3n articulada\u201d.<\/p>\n\n\n\n<p>Adem\u00e1s, le parece importante que ellos puedan hacer una especie de pasant\u00eda en la UMAG para entender que es lo que es la universidad. \u201cLa orientaci\u00f3n que podemos darle de lo que significa estar in situ en la universidad, en las carreras, en alguna asignatura\u201d, a\u00f1adi\u00f3.<\/p>\n\n\n\n<p><a><\/a>Asimismo, intercambiaron ideas en la posibilidad de realizar algunos seminarios donde los investigadores de diversas tem\u00e1ticas puedan traspasar lo que han descubierto y trabajar con las y los alumnos de ense\u00f1anza media, reforzar quiz\u00e1s los contenidos y materias que necesitan para preparar en el proceso de admisi\u00f3n a la Universidad. \u201cHay mucho que podemos realizar con los j\u00f3venes de ense\u00f1anza media y nos interesa apoyarlos en la conformaci\u00f3n de este consejo estudiantil. Creo que la participaci\u00f3n de los j\u00f3venes y como ciudadanos es muy relevante en el pa\u00eds, debido a la crisis de participaci\u00f3n que hay en el pa\u00eds. Eso tambi\u00e9n se aprende y donde haya instancias o se\u00f1ales que aparecen estos indicios de participaci\u00f3n, creo que es importante que como universidad p\u00fablica estemos all\u00ed y sobre todo escucharlos\u201d, sostuvo la vicerrectora C\u00e1rcamo.<\/p>\n","protected":false},"excerpt":{"rendered":"<p>Cerca de 40 estudiantes de ense\u00f1anza media de colegios municipales, subvencionados y particulares, est\u00e1n interesados en constituir un Consejo Estudiantil Regional que aglutine a todos los centros de alumnos de&#8230; <a class=\"read-more\" href=\"https:\/\/www.radiopresidenteibanez.cl\/web\/estudiantes-de-ensenanza-media-interesados-en-desarrollar-acciones-colaborativas-con-la-umag\/\">Leer m\u00e1s<\/a><\/p>\n","protected":false},"author":2,"featured_media":40435,"comment_status":"closed","ping_status":"closed","sticky":false,"template":"","format":"standard","meta":{"footnotes":""},"categories":[1],"tags":[],"class_list":["post-40434","post","type-post","status-publish","format-standard","has-post-thumbnail","hentry","category-cronica"],"_links":{"self":[{"href":"https:\/\/www.radiopresidenteibanez.cl\/web\/wp-json\/wp\/v2\/posts\/40434","targetHints":{"allow":["GET"]}}],"collection":[{"href":"https:\/\/www.radiopresidenteibanez.cl\/web\/wp-json\/wp\/v2\/posts"}],"about":[{"href":"https:\/\/www.radiopresidenteibanez.cl\/web\/wp-json\/wp\/v2\/types\/post"}],"author":[{"embeddable":true,"href":"https:\/\/www.radiopresidenteibanez.cl\/web\/wp-json\/wp\/v2\/users\/2"}],"replies":[{"embeddable":true,"href":"https:\/\/www.radiopresidenteibanez.cl\/web\/wp-json\/wp\/v2\/comments?post=40434"}],"version-history":[{"count":0,"href":"https:\/\/www.radiopresidenteibanez.cl\/web\/wp-json\/wp\/v2\/posts\/40434\/revisions"}],"wp:featuredmedia":[{"embeddable":true,"href":"https:\/\/www.radiopresidenteibanez.cl\/web\/wp-json\/wp\/v2\/media\/40435"}],"wp:attachment":[{"href":"https:\/\/www.radiopresidenteibanez.cl\/web\/wp-json\/wp\/v2\/media?parent=40434"}],"wp:term":[{"taxonomy":"category","embeddable":true,"href":"https:\/\/www.radiopresidenteibanez.cl\/web\/wp-json\/wp\/v2\/categories?post=40434"},{"taxonomy":"post_tag","embeddable":true,"href":"https:\/\/www.radiopresidenteibanez.cl\/web\/wp-json\/wp\/v2\/tags?post=40434"}],"curies":[{"name":"wp","href":"https:\/\/api.w.org\/{rel}","templated":true}]}}