{"id":40431,"date":"2023-06-14T00:31:00","date_gmt":"2023-06-14T03:31:00","guid":{"rendered":"https:\/\/www.radiopresidenteibanez.cl\/web\/?p=40431"},"modified":"2023-06-14T09:48:08","modified_gmt":"2023-06-14T12:48:08","slug":"slep-magallanes-detalla-proceso-de-traspaso-a-concejales-de-la-10-comunas-que-componen-amumag","status":"publish","type":"post","link":"https:\/\/www.radiopresidenteibanez.cl\/web\/slep-magallanes-detalla-proceso-de-traspaso-a-concejales-de-la-10-comunas-que-componen-amumag\/","title":{"rendered":"SLEP MAGALLANES DETALLA PROCESO DE TRASPASO A CONCEJALES DE LA 10 COMUNAS QUE COMPONEN AMUMAG"},"content":{"rendered":"\n<p>Desde julio de 2022 que el Servicio Local de Educaci\u00f3n P\u00fablica de Magallanes se encuentra instalado en la regi\u00f3n de Magallanes, tiempo en el cual se ha encargado de poner en marcha el servicio, coordinar las directrices para la conformaci\u00f3n de los equipos profesionales y organizar el proceso de traspaso de las 53 escuelas y liceos y 10 jardines infantiles, que se producir\u00e1 el 1 de enero de 2024.<\/p>\n\n\n\n<p>Para reafirmar este trabajo, Mario Garc\u00eda Mart\u00ednez, director ejecutivo del SLEP Magallanes lleg\u00f3 hasta la sede de AMUMAG (Asociaci\u00f3n de Municipalidades de Magallanes), para reunirse con concejales y concejalas de las 10 comunas de la regi\u00f3n que componen esta instancia de participaci\u00f3n municipal. En la cita, Mario Garc\u00eda detall\u00f3 en extenso las gestiones que cada municipio debe llevar a cabo para cumplir plenamente con el proceso de traspaso que permitir\u00e1 enfrentar con mayor confianza y certeza el futuro en el nuevo sistema de administraci\u00f3n de la educaci\u00f3n p\u00fablica.<\/p>\n\n\n\n<p>\u201cContinuamos con las reuniones destinadas a entregar tranquilidad y certeza a los diferentes actores del sistema educativo a trav\u00e9s del di\u00e1logo permanente. Pudimos explicar a delegados de AMUMAG las etapas del proceso de traspaso, especialmente en lo referido al tema financiero, del personal y de bienes muebles e inmuebles. Por tanto, nos seguiremos coordinando con alcaldes, alcaldesas y concejales de todas las comunas, para que re\u00fanan toda la informaci\u00f3n respecto a inventarios y catastros, presenten todos los documentos de regularizaci\u00f3n de los terrenos, revisen contratos y convenios vigentes, entre otros aspectos. Esta informaci\u00f3n permitir\u00e1 que la continuidad del servicio educativo no se vea interrumpida cuando recibamos los establecimientos en enero de 2024\u201d, sostuvo&nbsp;<strong>Mario Garc\u00eda, director el SLEP Magallanes.<\/strong><\/p>\n\n\n\n<p><br>Garc\u00eda tambi\u00e9n valor\u00f3 la asistencia presencial a la reuni\u00f3n de Ricardo Urtubia de Natales; Daniela Hern\u00e1ndez de San Gregorio; Silvana Silva de Torres del Paine; Miriam P\u00e9rez de Laguna Blanca y Blanca Culun de Primavera, esperando poder repetir el encuentro a fines de julio.&nbsp;&nbsp;&nbsp;<\/p>\n\n\n\n<p>Por su parte, el\u00a0<strong>concejal Jorge Risco, director de AMUMAG<\/strong>, agradeci\u00f3 la presencia del director del SLEP Magallanes en esta instancia. \u201cSe agradece la presencia de Mario Garc\u00eda en AMUMAG, especialmente cuando responde con prontitud a la necesidad de concejales y concejalas de las distintas comunas, de poder aclarar dudas, lo que hoy se logr\u00f3. Tambi\u00e9n pudimos actualizar informaci\u00f3n del avance concreto de tr\u00e1mites para el traspaso. Valoramos adem\u00e1s que la comunicaci\u00f3n entre las partes siga siendo un canal abierto, porque esto va a servir para avanzar de buena manera en un proceso como este que es nuevo para todos, y del cual deb\u00edamos tener sobre todo certeza de lo que se viene el pr\u00f3ximo a\u00f1o\u201d.<\/p>\n","protected":false},"excerpt":{"rendered":"<p>Desde julio de 2022 que el Servicio Local de Educaci\u00f3n P\u00fablica de Magallanes se encuentra instalado en la regi\u00f3n de Magallanes, tiempo en el cual se ha encargado de poner&#8230; <a class=\"read-more\" href=\"https:\/\/www.radiopresidenteibanez.cl\/web\/slep-magallanes-detalla-proceso-de-traspaso-a-concejales-de-la-10-comunas-que-componen-amumag\/\">Leer m\u00e1s<\/a><\/p>\n","protected":false},"author":2,"featured_media":40432,"comment_status":"closed","ping_status":"closed","sticky":false,"template":"","format":"standard","meta":{"footnotes":""},"categories":[1],"tags":[],"class_list":["post-40431","post","type-post","status-publish","format-standard","has-post-thumbnail","hentry","category-cronica"],"_links":{"self":[{"href":"https:\/\/www.radiopresidenteibanez.cl\/web\/wp-json\/wp\/v2\/posts\/40431","targetHints":{"allow":["GET"]}}],"collection":[{"href":"https:\/\/www.radiopresidenteibanez.cl\/web\/wp-json\/wp\/v2\/posts"}],"about":[{"href":"https:\/\/www.radiopresidenteibanez.cl\/web\/wp-json\/wp\/v2\/types\/post"}],"author":[{"embeddable":true,"href":"https:\/\/www.radiopresidenteibanez.cl\/web\/wp-json\/wp\/v2\/users\/2"}],"replies":[{"embeddable":true,"href":"https:\/\/www.radiopresidenteibanez.cl\/web\/wp-json\/wp\/v2\/comments?post=40431"}],"version-history":[{"count":0,"href":"https:\/\/www.radiopresidenteibanez.cl\/web\/wp-json\/wp\/v2\/posts\/40431\/revisions"}],"wp:featuredmedia":[{"embeddable":true,"href":"https:\/\/www.radiopresidenteibanez.cl\/web\/wp-json\/wp\/v2\/media\/40432"}],"wp:attachment":[{"href":"https:\/\/www.radiopresidenteibanez.cl\/web\/wp-json\/wp\/v2\/media?parent=40431"}],"wp:term":[{"taxonomy":"category","embeddable":true,"href":"https:\/\/www.radiopresidenteibanez.cl\/web\/wp-json\/wp\/v2\/categories?post=40431"},{"taxonomy":"post_tag","embeddable":true,"href":"https:\/\/www.radiopresidenteibanez.cl\/web\/wp-json\/wp\/v2\/tags?post=40431"}],"curies":[{"name":"wp","href":"https:\/\/api.w.org\/{rel}","templated":true}]}}