{"id":4043,"date":"2019-05-09T02:05:41","date_gmt":"2019-05-09T02:05:41","guid":{"rendered":"http:\/\/www.radiopresidenteibanez.cl\/web\/?p=4043"},"modified":"2019-05-09T02:05:45","modified_gmt":"2019-05-09T02:05:45","slug":"instituciones-publicas-organizaciones-y-empresas-se-reunieron-en-el-5to-encuentro-provincial-de-turismo-en-puerto-natales","status":"publish","type":"post","link":"https:\/\/www.radiopresidenteibanez.cl\/web\/instituciones-publicas-organizaciones-y-empresas-se-reunieron-en-el-5to-encuentro-provincial-de-turismo-en-puerto-natales\/","title":{"rendered":"INSTITUCIONES PUBLICAS, ORGANIZACIONES Y EMPRESAS SE REUNIERON EN EL 5to ENCUENTRO PROVINCIAL DE TURISMO EN PUERTO NATALES"},"content":{"rendered":"\n<p>Durante todo\nel d\u00eda en el sal\u00f3n de eventos del Hotel Costaustralis, se llev\u00f3 a cabo la\nQuinta versi\u00f3n del Encuentro Provincial de Turismo, organizado por la\nCorporaci\u00f3n de Cultura, Turismo y Patrimonio, adem\u00e1s de la Ilustre\nMunicipalidad de Natales y Torres del Payne. <\/p>\n\n\n\n<p>Esta jornada tuvo\ncomo objetivo tratar tres tem\u00e1ticas, la sustentabilidad del destino, la\npromoci\u00f3n tur\u00edstica mediante la presentaci\u00f3n de la construcci\u00f3n de la p\u00e1gina\nweb <a href=\"http:\/\/www.visitpuertonatales.travel\">www.visitpuertonatales.travel<\/a> y\ncomenzar a realizar los lineamientos de trabajo de patrimonio en la provincia. <\/p>\n\n\n\n<p>El Alcalde de Natales,\nFernando Paredes Mansilla, valor\u00f3 este encuentro como el resultado de una\nmaduraci\u00f3n conseguida a lo largo de los tres a\u00f1os que se ha desarrollado esta\niniciativa. \u201cAqu\u00ed estamos pensando el turismo no s\u00f3lo como comuna, sino que\nestamos pensando el turismo como el territorio de la provincia y en eso es\nimportante se\u00f1alar que lo que acontece en nuestro territorio, tiene muchos\nactores. Nosotros desde el punto de vista municipal tenemos una\nresponsabilidad, pero tambi\u00e9n la institucionalidad p\u00fablica tiene su trabajo que\nhace entorno al turismo y finalmente los privados\u201d.<\/p>\n\n\n\n<p>&nbsp;En la ocasi\u00f3n, el edil de la comuna recibi\u00f3 a\nmanos de la Coordinadora del Comit\u00e9 de Sostenibilidad de Puerto Natales el\nreconocimiento oficial por haberse ubicado dentro de los \u201cTop100\u201d destinos\nverdes del mundo el a\u00f1o pasado. \u201cEstas son nominaciones que recibe nuestra\nciudad en un muy buen momento porque es un respaldo al trabajo que estamos\nhaciendo, hay que entender que producto de la maduraci\u00f3n que hemos tenido, si\nuno mira el turismo como una actividad econ\u00f3mica que impulsa el desarrollo,\nest\u00e1 bien, pero hoy d\u00eda estamos entendiendo que no es posible desarrollar una\nactividad tur\u00edstica desde el punto de vista econ\u00f3mico sino estamos de la mano\ncon la sostenibilidad\u201d.&nbsp; <\/p>\n\n\n\n<p>La jornada\ncont\u00f3 con las exposiciones de los profesionales de la Unidad de Turismo, Jos\u00e9\nLuis Oyarz\u00fan y Mar\u00eda Antonieta de La Barra, los que explicaron las implicancias\ny desaf\u00edos de recibir este importante premio. El evento incluy\u00f3 la conferencia \u201cNuevas\nestrategias, tendencias en la promoci\u00f3n del destino tur\u00edstico Natales \u2013 Torres\ndel Payne\u201d&nbsp; desarrollada por la directora\nregional de SERNATUR Magallanes, Ximena Castro. Adem\u00e1s de los discursos del\narquitecto del Instituto de Estudios del H\u00e1bitat de la Universidad Aut\u00f3noma de\nChile, Cristi\u00e1n Rodr\u00edguez, la antrop\u00f3loga perteneciente al Centro Regional de\nInvestigaci\u00f3n Cient\u00edfica , Macarena Fern\u00e1ndez y la directora del proyecto \u201cRuta\nde los Parques de la Patagonia&nbsp; &#8211;\nTompkins Conservation, Carolina Cerda. <\/p>\n\n\n\n<p>El pr\u00f3ximo Encuentro Provincial de Turismo est\u00e1 programado para el mes de septiembre con motivo de la celebraci\u00f3n del D\u00eda Mundial de Turismo en Cerro Castillo, comuna de Torres del Payne.<\/p>\n\n\n\n<figure class=\"wp-block-image\"><img loading=\"lazy\" decoding=\"async\" width=\"1024\" height=\"683\" src=\"https:\/\/www.radiopresidenteibanez.cl\/web\/wp-content\/uploads\/2019\/05\/IMG-5to-Encuentro-Turistico-2-1024x683.jpg\" alt=\"\" class=\"wp-image-4044\" srcset=\"https:\/\/www.radiopresidenteibanez.cl\/web\/wp-content\/uploads\/2019\/05\/IMG-5to-Encuentro-Turistico-2.jpg 1024w, https:\/\/www.radiopresidenteibanez.cl\/web\/wp-content\/uploads\/2019\/05\/IMG-5to-Encuentro-Turistico-2-300x200.jpg 300w, https:\/\/www.radiopresidenteibanez.cl\/web\/wp-content\/uploads\/2019\/05\/IMG-5to-Encuentro-Turistico-2-768x512.jpg 768w\" sizes=\"auto, (max-width: 1024px) 100vw, 1024px\" \/><\/figure>\n","protected":false},"excerpt":{"rendered":"<p>Durante todo el d\u00eda en el sal\u00f3n de eventos del Hotel Costaustralis, se llev\u00f3 a cabo la Quinta versi\u00f3n del Encuentro Provincial de Turismo, organizado por la Corporaci\u00f3n de Cultura,&#8230; <a class=\"read-more\" href=\"https:\/\/www.radiopresidenteibanez.cl\/web\/instituciones-publicas-organizaciones-y-empresas-se-reunieron-en-el-5to-encuentro-provincial-de-turismo-en-puerto-natales\/\">Leer m\u00e1s<\/a><\/p>\n","protected":false},"author":2,"featured_media":4044,"comment_status":"closed","ping_status":"closed","sticky":false,"template":"","format":"standard","meta":{"footnotes":""},"categories":[1],"tags":[],"class_list":["post-4043","post","type-post","status-publish","format-standard","has-post-thumbnail","hentry","category-cronica"],"_links":{"self":[{"href":"https:\/\/www.radiopresidenteibanez.cl\/web\/wp-json\/wp\/v2\/posts\/4043","targetHints":{"allow":["GET"]}}],"collection":[{"href":"https:\/\/www.radiopresidenteibanez.cl\/web\/wp-json\/wp\/v2\/posts"}],"about":[{"href":"https:\/\/www.radiopresidenteibanez.cl\/web\/wp-json\/wp\/v2\/types\/post"}],"author":[{"embeddable":true,"href":"https:\/\/www.radiopresidenteibanez.cl\/web\/wp-json\/wp\/v2\/users\/2"}],"replies":[{"embeddable":true,"href":"https:\/\/www.radiopresidenteibanez.cl\/web\/wp-json\/wp\/v2\/comments?post=4043"}],"version-history":[{"count":0,"href":"https:\/\/www.radiopresidenteibanez.cl\/web\/wp-json\/wp\/v2\/posts\/4043\/revisions"}],"wp:featuredmedia":[{"embeddable":true,"href":"https:\/\/www.radiopresidenteibanez.cl\/web\/wp-json\/wp\/v2\/media\/4044"}],"wp:attachment":[{"href":"https:\/\/www.radiopresidenteibanez.cl\/web\/wp-json\/wp\/v2\/media?parent=4043"}],"wp:term":[{"taxonomy":"category","embeddable":true,"href":"https:\/\/www.radiopresidenteibanez.cl\/web\/wp-json\/wp\/v2\/categories?post=4043"},{"taxonomy":"post_tag","embeddable":true,"href":"https:\/\/www.radiopresidenteibanez.cl\/web\/wp-json\/wp\/v2\/tags?post=4043"}],"curies":[{"name":"wp","href":"https:\/\/api.w.org\/{rel}","templated":true}]}}