{"id":40428,"date":"2023-06-14T11:37:00","date_gmt":"2023-06-14T14:37:00","guid":{"rendered":"https:\/\/www.radiopresidenteibanez.cl\/web\/?p=40428"},"modified":"2023-06-14T08:53:44","modified_gmt":"2023-06-14T11:53:44","slug":"201-organizaciones-postulan-al-fondo-concursable-de-aguas-magallanes-2023","status":"publish","type":"post","link":"https:\/\/www.radiopresidenteibanez.cl\/web\/201-organizaciones-postulan-al-fondo-concursable-de-aguas-magallanes-2023\/","title":{"rendered":"201 ORGANIZACIONES POSTULAN AL FONDO CONCURSABLE DE AGUAS MAGALLANES 2023"},"content":{"rendered":"\n<p>Con una participaci\u00f3n que super\u00f3 todas las expectativas, Aguas Magallanes cerr\u00f3 el proceso de postulaci\u00f3n a su Fondo Concursable de Desarrollo Comunitario 2023. En total, doscientos un proyectos fueron ingresados a trav\u00e9s de la plataforma en l\u00ednea, superando en un 45% la versi\u00f3n anterior.<br>Desde la compa\u00f1\u00eda informaron que, en menos de dos semanas, concluir\u00e1 la etapa de admisibilidad de los proyectos presentados por Uniones Comunales, Juntas de Vecinos, clubes de Adultos Mayores, organizaciones ind\u00edgenas, clubes deportivos, condominios sociales con comit\u00e9 de administraci\u00f3n y Bomberos, informaci\u00f3n que ser\u00e1 entregada a cada organizaci\u00f3n postulante mediante una notificaci\u00f3n que llegar\u00e1 al correo electr\u00f3nico definido por la organizaci\u00f3n.<br>Algunos datos que llamaron la atenci\u00f3n fueron por ejemplo el alto n\u00famero de atenciones remotas durante el proceso de apoyo a la postulaci\u00f3n (WhatsApp, correo electr\u00f3nico y telef\u00f3nica), que sumaron poco m\u00e1s de 400, versus las presenciales, que alcanzaron las 159 atenciones.<br>Toda esta tarea ha sido posible, en gran medida, gracias al apoyo de estudiantes de la carrera de Trabajo Social de la Universidad de Magallanes, quienes se encuentran realizando una pasant\u00eda y prepr\u00e1ctica profesional en Aguas Magallanes.<br>Equipamiento para sedes comunitarias, organizaciones sociales y clubes deportivos, se vislumbra como la l\u00ednea de postulaci\u00f3n m\u00e1s solicitada este a\u00f1o. Ahora, solo resta esperar los resultados del proceso de evaluaci\u00f3n, que estar\u00e1 a cargo de un jurado compuesto por 2 ejecutivos de la sanitaria y 3 representantes de la Comunidad. Los resultados ser\u00e1n publicados en el sitio web de la empresa (<a href=\"http:\/\/www.aguasmagallanes.cl\/\" target=\"_blank\" rel=\"noreferrer noopener\">www.aguasmagallanes.cl<\/a>) el 30 de junio.<\/p>\n","protected":false},"excerpt":{"rendered":"<p>Con una participaci\u00f3n que super\u00f3 todas las expectativas, Aguas Magallanes cerr\u00f3 el proceso de postulaci\u00f3n a su Fondo Concursable de Desarrollo Comunitario 2023. En total, doscientos un proyectos fueron ingresados&#8230; <a class=\"read-more\" href=\"https:\/\/www.radiopresidenteibanez.cl\/web\/201-organizaciones-postulan-al-fondo-concursable-de-aguas-magallanes-2023\/\">Leer m\u00e1s<\/a><\/p>\n","protected":false},"author":2,"featured_media":40429,"comment_status":"closed","ping_status":"closed","sticky":false,"template":"","format":"standard","meta":{"footnotes":""},"categories":[1],"tags":[],"class_list":["post-40428","post","type-post","status-publish","format-standard","has-post-thumbnail","hentry","category-cronica"],"_links":{"self":[{"href":"https:\/\/www.radiopresidenteibanez.cl\/web\/wp-json\/wp\/v2\/posts\/40428","targetHints":{"allow":["GET"]}}],"collection":[{"href":"https:\/\/www.radiopresidenteibanez.cl\/web\/wp-json\/wp\/v2\/posts"}],"about":[{"href":"https:\/\/www.radiopresidenteibanez.cl\/web\/wp-json\/wp\/v2\/types\/post"}],"author":[{"embeddable":true,"href":"https:\/\/www.radiopresidenteibanez.cl\/web\/wp-json\/wp\/v2\/users\/2"}],"replies":[{"embeddable":true,"href":"https:\/\/www.radiopresidenteibanez.cl\/web\/wp-json\/wp\/v2\/comments?post=40428"}],"version-history":[{"count":0,"href":"https:\/\/www.radiopresidenteibanez.cl\/web\/wp-json\/wp\/v2\/posts\/40428\/revisions"}],"wp:featuredmedia":[{"embeddable":true,"href":"https:\/\/www.radiopresidenteibanez.cl\/web\/wp-json\/wp\/v2\/media\/40429"}],"wp:attachment":[{"href":"https:\/\/www.radiopresidenteibanez.cl\/web\/wp-json\/wp\/v2\/media?parent=40428"}],"wp:term":[{"taxonomy":"category","embeddable":true,"href":"https:\/\/www.radiopresidenteibanez.cl\/web\/wp-json\/wp\/v2\/categories?post=40428"},{"taxonomy":"post_tag","embeddable":true,"href":"https:\/\/www.radiopresidenteibanez.cl\/web\/wp-json\/wp\/v2\/tags?post=40428"}],"curies":[{"name":"wp","href":"https:\/\/api.w.org\/{rel}","templated":true}]}}