{"id":40425,"date":"2023-06-14T10:25:00","date_gmt":"2023-06-14T13:25:00","guid":{"rendered":"https:\/\/www.radiopresidenteibanez.cl\/web\/?p=40425"},"modified":"2023-06-14T08:50:21","modified_gmt":"2023-06-14T11:50:21","slug":"consejero-rodolfo-cardenas-destaco-aprobacion-de-fondos-para-la-construccion-de-la-nueva-comisaria-de-punta-arenas","status":"publish","type":"post","link":"https:\/\/www.radiopresidenteibanez.cl\/web\/consejero-rodolfo-cardenas-destaco-aprobacion-de-fondos-para-la-construccion-de-la-nueva-comisaria-de-punta-arenas\/","title":{"rendered":"CONSEJERO RODOLFO CARDENAS DESTACO APROBACION DE FONDOS PARA LA CONSTRUCCION DE LA NUEVA COMISARIA DE PUNTA ARENAS"},"content":{"rendered":"\n<p>\u201cEs de suma urgencia y pertinencia contar con esta unidad policial en la capital regional de<br>Punta Arenas, infraestructura que va a estar al servicio de la comunidad donde Carabineros<br>podr\u00e1 desarrollar sus servicios policiales y de esta forma resguardar a la comunidad y entregar<br>todas las acciones preventivas y de control que son necesarias de abordar en la poblaci\u00f3n\u201d,<br>manifest\u00f3 este lunes el consejero regional por la Provincia de Tierra del Fuego, luego que el<br>pleno del Core aprobara la inversi\u00f3n de 7.262.593 millones de pesos para la construcci\u00f3n de la<br>nueva comisar\u00eda de Punta Arenas.<br>Con votaci\u00f3n un\u00e1nime fueron aprobadas las platas del proyecto, el cual considera de igual<br>manera un financiamiento sectorial de 8.508 millones, por lo que en definitiva se destinar\u00e1n al<br>levantamiento del nuevo y moderno edificio, ser\u00e1 de 15.770.600 millones de pesos.<br>El proyecto considera la relocalizaci\u00f3n de la 1\u00aa comisaria de Carabineros, desde su actual<br>ubicaci\u00f3n en el Barrio 18 de Septiembre, hacia calle Ignacio Carrera Pinto N\u00b00255, terreno<br>institucional de la polic\u00eda uniformada ubicado aproximadamente a 2 kil\u00f3metros de la actual<br>ubicaci\u00f3n, espacio que fue considerado por su buena accesibilidad para los habitantes y r\u00e1pida<br>acci\u00f3n policial.<br>La infraestructura proyectada es de 4.280 m2 satisfaciendo los requerimientos de<br>funcionalidad, seguridad y comodidad establecidos para la operaci\u00f3n de un cuartel policial,<br>que incluye zona administrativa, de seguridad, habitabilidad, movilizaci\u00f3n y apoyo log\u00edstico,<br>adem\u00e1s de la Secci\u00f3n de Investigaci\u00f3n Policial (SIP) y recintos complementarios, considerando<br>el equipamiento y mobiliario necesario para la operatividad del recinto.<br>Destac\u00f3 asimismo el representante fueguino que la inversi\u00f3n, adem\u00e1s de una adecuada<br>infraestructura considera la implementaci\u00f3n de dependencias y unidades especializadas, en un<br>lugar de la ciudad que, por las calles que circundan el terreno, ser\u00e1 estrat\u00e9gicamente adecuada<br>para unificar los servicios policiales e incluso mejorar los tiempos de respuesta ante<br>emergencias.<br>La millonaria inversi\u00f3n fue valorada por el consejero C\u00e1rdenas, quien finalmente coment\u00f3:<br>\u201cEstamos muy contentos de que se haya aprobado esta iniciativa, y que esto permita entregar<br>mayor seguridad a la poblaci\u00f3n de Magallanes, principalmente a Punta Arenas\u201d.<\/p>\n","protected":false},"excerpt":{"rendered":"<p>\u201cEs de suma urgencia y pertinencia contar con esta unidad policial en la capital regional dePunta Arenas, infraestructura que va a estar al servicio de la comunidad donde Carabinerospodr\u00e1 desarrollar&#8230; <a class=\"read-more\" href=\"https:\/\/www.radiopresidenteibanez.cl\/web\/consejero-rodolfo-cardenas-destaco-aprobacion-de-fondos-para-la-construccion-de-la-nueva-comisaria-de-punta-arenas\/\">Leer m\u00e1s<\/a><\/p>\n","protected":false},"author":2,"featured_media":40426,"comment_status":"closed","ping_status":"closed","sticky":false,"template":"","format":"standard","meta":{"footnotes":""},"categories":[1],"tags":[],"class_list":["post-40425","post","type-post","status-publish","format-standard","has-post-thumbnail","hentry","category-cronica"],"_links":{"self":[{"href":"https:\/\/www.radiopresidenteibanez.cl\/web\/wp-json\/wp\/v2\/posts\/40425","targetHints":{"allow":["GET"]}}],"collection":[{"href":"https:\/\/www.radiopresidenteibanez.cl\/web\/wp-json\/wp\/v2\/posts"}],"about":[{"href":"https:\/\/www.radiopresidenteibanez.cl\/web\/wp-json\/wp\/v2\/types\/post"}],"author":[{"embeddable":true,"href":"https:\/\/www.radiopresidenteibanez.cl\/web\/wp-json\/wp\/v2\/users\/2"}],"replies":[{"embeddable":true,"href":"https:\/\/www.radiopresidenteibanez.cl\/web\/wp-json\/wp\/v2\/comments?post=40425"}],"version-history":[{"count":0,"href":"https:\/\/www.radiopresidenteibanez.cl\/web\/wp-json\/wp\/v2\/posts\/40425\/revisions"}],"wp:featuredmedia":[{"embeddable":true,"href":"https:\/\/www.radiopresidenteibanez.cl\/web\/wp-json\/wp\/v2\/media\/40426"}],"wp:attachment":[{"href":"https:\/\/www.radiopresidenteibanez.cl\/web\/wp-json\/wp\/v2\/media?parent=40425"}],"wp:term":[{"taxonomy":"category","embeddable":true,"href":"https:\/\/www.radiopresidenteibanez.cl\/web\/wp-json\/wp\/v2\/categories?post=40425"},{"taxonomy":"post_tag","embeddable":true,"href":"https:\/\/www.radiopresidenteibanez.cl\/web\/wp-json\/wp\/v2\/tags?post=40425"}],"curies":[{"name":"wp","href":"https:\/\/api.w.org\/{rel}","templated":true}]}}