{"id":40411,"date":"2023-06-12T17:42:00","date_gmt":"2023-06-12T20:42:00","guid":{"rendered":"https:\/\/www.radiopresidenteibanez.cl\/web\/?p=40411"},"modified":"2023-06-12T15:33:38","modified_gmt":"2023-06-12T18:33:38","slug":"realizan-gobierno-en-terreno-en-puerto-natales-con-enfoque-en-tematica-hidrica","status":"publish","type":"post","link":"https:\/\/www.radiopresidenteibanez.cl\/web\/realizan-gobierno-en-terreno-en-puerto-natales-con-enfoque-en-tematica-hidrica\/","title":{"rendered":"REALIZAN GOBIERNO EN TERRENO EN PUERTO NATALES CON ENFOQUE EN TEMATICA HIDRICA"},"content":{"rendered":"\n<p>Bajo el t\u00edtulo \u201cJuntos trabajando por la gesti\u00f3n eficiente del agua\u201d, se desarroll\u00f3 una nueva jornada de Gobierno en Terreno (GET) en Puerto Natales, esta vez con un enfoque en particular: el tema h\u00eddrico, algo muy atingente para la provincia, especialmente teniendo en consideraci\u00f3n la escasez h\u00eddrica que se ha venido generando el \u00faltimo tiempo.<\/p>\n\n\n\n<p>Es en este contexto que, con el objetivo de congregar a diferentes servicios p\u00fablicos que puedan dar respuestas y orientaci\u00f3n a la comunidad en este \u00e1mbito, se realiz\u00f3 esta jornada que tuvo una gran participaci\u00f3n.<\/p>\n\n\n\n<p>Al respecto, la delegada presidencial Romina \u00c1lvarez se\u00f1al\u00f3 \u201ceste GET se levanta ya que estamos elevando diferentes instancias interinstitucionales bajo lo que significa la gesti\u00f3n eficiente del agua, ya que el nuestro Presidente de la Rep\u00fablica nos ha mandatado a trabajar espec\u00edficamente en la seguridad h\u00eddrica\u201d.<\/p>\n\n\n\n<p>Por su parte, la seremi de Agricultura, Irene Ram\u00edrez destac\u00f3 la importancia de \u201cpoder difundir y educar respecto a la eficiencia en el uso del agua, pasamos por tiempos complejos frente a lo que significa el d\u00e9ficit de precipitaciones en Magallanes (\u2026) por ello necesitamos la coordinaci\u00f3n con los distintos entes para poder dar seguridad h\u00eddrica a nuestras comunidades y fortalecer el \u00e1mbito rural\u201d.<\/p>\n\n\n\n<p>En tanto, la representante de la Asociaci\u00f3n de Canalistas de Huertos Familiares, Adelaida Vargas, manifest\u00f3 \u201ctuvimos una escasez h\u00eddrica en la cual tuvimos que hacer cortes parcializados para entregar el agua de riego a nuestros agricultores, en ese contexto, que para nosotros es de real importancia que los servicios p\u00fablicos trabajen en conjunto porque al final quienes salimos beneficiados somos los agricultores y los que vivimos de la tierra\u201d.<\/p>\n\n\n\n<p>Dentro de los servicios que participaron, estuvo al Direcci\u00f3n General de Aguas (DGA), en donde su directora regional, Lorena Olivares se\u00f1al\u00f3 \u201cnos encontramos con parte del equipo de la DGA participando de este Gobierno en Terreno en Natales con la finalidad de poder acercarnos a\u00fan m\u00e1s a la comunidad y poder dar a conocer las labores que realizamos en el servicio, todas ellas enmarcadas en el c\u00f3digo de aguas\u201d.<\/p>\n\n\n\n<p>Palabras que complement\u00f3 la ejecutiva integral de Indap Puerto Natales, Carla Gallardo \u201cagradezco que se generen estas instancias donde nos permiten mostrar el trabajo que estamos haciendo con respecto a la escasez h\u00eddrica, que nos afect\u00f3 mucho esta temporada, especialmente para los productores, por ello nosotros como Indap apoyamos principalmente en compras de estanque para que pudieran tener acumulaci\u00f3n de agua para que y durante los cortes que existieron, pudieran estar preparados\u201d, manifest\u00f3.<\/p>\n\n\n\n<p>Finalmente, la delegada coment\u00f3 \u201cha sido muy bueno el flujo de gente, as\u00ed que esperamos seguir incentivando este tipo de iniciativas y por supuesto, creando distintas instancias que vayan e beneficio directo de la comunidad\u201d.<\/p>\n\n\n\n<p>En la jornada, estuvieron presentes: Seremi de Agricultura, Comisi\u00f3n Nacional de Riego (CNR), Direcci\u00f3n General de Aguas (DGA), Direcci\u00f3n de Obras Hidr\u00e1ulicas (DOH), Instituto de Desarrollo Agropecuario (INDAP), Seremi de Obras P\u00fablicas, Seremi de Medio Ambiente y Gobierno Regional.<\/p>\n","protected":false},"excerpt":{"rendered":"<p>Bajo el t\u00edtulo \u201cJuntos trabajando por la gesti\u00f3n eficiente del agua\u201d, se desarroll\u00f3 una nueva jornada de Gobierno en Terreno (GET) en Puerto Natales, esta vez con un enfoque en&#8230; <a class=\"read-more\" href=\"https:\/\/www.radiopresidenteibanez.cl\/web\/realizan-gobierno-en-terreno-en-puerto-natales-con-enfoque-en-tematica-hidrica\/\">Leer m\u00e1s<\/a><\/p>\n","protected":false},"author":2,"featured_media":40412,"comment_status":"closed","ping_status":"closed","sticky":false,"template":"","format":"standard","meta":{"footnotes":""},"categories":[1],"tags":[],"class_list":["post-40411","post","type-post","status-publish","format-standard","has-post-thumbnail","hentry","category-cronica"],"_links":{"self":[{"href":"https:\/\/www.radiopresidenteibanez.cl\/web\/wp-json\/wp\/v2\/posts\/40411","targetHints":{"allow":["GET"]}}],"collection":[{"href":"https:\/\/www.radiopresidenteibanez.cl\/web\/wp-json\/wp\/v2\/posts"}],"about":[{"href":"https:\/\/www.radiopresidenteibanez.cl\/web\/wp-json\/wp\/v2\/types\/post"}],"author":[{"embeddable":true,"href":"https:\/\/www.radiopresidenteibanez.cl\/web\/wp-json\/wp\/v2\/users\/2"}],"replies":[{"embeddable":true,"href":"https:\/\/www.radiopresidenteibanez.cl\/web\/wp-json\/wp\/v2\/comments?post=40411"}],"version-history":[{"count":0,"href":"https:\/\/www.radiopresidenteibanez.cl\/web\/wp-json\/wp\/v2\/posts\/40411\/revisions"}],"wp:featuredmedia":[{"embeddable":true,"href":"https:\/\/www.radiopresidenteibanez.cl\/web\/wp-json\/wp\/v2\/media\/40412"}],"wp:attachment":[{"href":"https:\/\/www.radiopresidenteibanez.cl\/web\/wp-json\/wp\/v2\/media?parent=40411"}],"wp:term":[{"taxonomy":"category","embeddable":true,"href":"https:\/\/www.radiopresidenteibanez.cl\/web\/wp-json\/wp\/v2\/categories?post=40411"},{"taxonomy":"post_tag","embeddable":true,"href":"https:\/\/www.radiopresidenteibanez.cl\/web\/wp-json\/wp\/v2\/tags?post=40411"}],"curies":[{"name":"wp","href":"https:\/\/api.w.org\/{rel}","templated":true}]}}