{"id":40396,"date":"2023-06-12T13:47:00","date_gmt":"2023-06-12T16:47:00","guid":{"rendered":"https:\/\/www.radiopresidenteibanez.cl\/web\/?p=40396"},"modified":"2023-06-12T10:38:16","modified_gmt":"2023-06-12T13:38:16","slug":"desarrollo-social-y-familia-implementara-en-punta-arenas-una-segunda-ruta-para-las-personas-en-situacion-de-calle","status":"publish","type":"post","link":"https:\/\/www.radiopresidenteibanez.cl\/web\/desarrollo-social-y-familia-implementara-en-punta-arenas-una-segunda-ruta-para-las-personas-en-situacion-de-calle\/","title":{"rendered":"DESARROLLO SOCIAL Y FAMILIA IMPLEMENTARA EN PUNTA ARENAS UNA SEGUNDA RUTA PARA LAS PERSONAS EN SITUACION DE CALLE"},"content":{"rendered":"\n<p>Un nuevo dispositivo destinado a los hombres y mujeres en situaci\u00f3n de calle se activar\u00e1 pr\u00f3ximamente en la comuna de Punta Arenas. Se trata de la Ruta Social, que tiene la misi\u00f3n de entregar prestaciones de alimentaci\u00f3n, atenciones b\u00e1sicas de salud, elementos de higiene personal, abrigo y un trabajo de difusi\u00f3n de la oferta orientada a que las personas hagan uso de los albergues.<\/p>\n\n\n\n<p>Para que esta ruta pueda funcionar, la secretar\u00eda realiz\u00f3 un llamado a concurso en la b\u00fasqueda que instituciones privadas con personalidad jur\u00eddica sin fines de lucro, municipios, iglesias, organizaciones religiosas (contempladas en la Ley 19.638) y organismos del Gobierno Central puedan ejecutar este nuevo dispositivo.<\/p>\n\n\n\n<p>Este concurso se realiza en el marco del Programa Noche Digna 2023, en su componente Plan Protege Calle, estrategia intersectorial que lidera el Ministerio de Desarrollo Social y Familia para proteger la vida de los cerca de 19 mil hombres y mujeres en situaci\u00f3n de calle que existen en el pa\u00eds.<\/p>\n\n\n\n<p>El Secretario de Desarrollo Social y Familia subrogante, Alex Latorre C\u00e1rdenas, explic\u00f3 que \u201cnuestro ministerio dispondr\u00e1 de un total de $ 40.500.000 para la puesta en marcha de esta ruta en Punta Arenas, que tendr\u00e1 una cobertura para atender a 20 personas a diario, durante 150 d\u00edas consecutivos. Esta iniciativa se crea para poder complementar a la actual Ruta Protege que desplegamos en el mes de mayo, la cual es ejecutada por el Hogar de Cristo, porque entendemos que el invierno de Magallanes nos exige fortalecer las acciones para salvaguardar la vida de las personas m\u00e1s vulnerables, especialmente para aquellas que no adhieren con facilidad a la oferta de albergues que como Gobierno tenemos, sumado con lo que tambi\u00e9n disponen otras instituciones sin fines de lucro\u201d.<\/p>\n\n\n\n<p>La autoridad, adem\u00e1s hizo un llamado a que nuevos organismos e instituciones de la regi\u00f3n se involucren a esta tem\u00e1tica, se\u00f1alando que \u201cdurante a\u00f1os hemos observado como los mismos actores han asumido el compromiso de llevar adelante la oferta que tiene el Gobierno para las personas que no cuentan con un hogar, como ha sido el caso de la Iglesia Cat\u00f3lica a trav\u00e9s de FIDE XII, la Fundaci\u00f3n Hogar de Cristo, Municipio de Natales, y el Servicio de Salud Magallanes, por lo que el llamado es que tambi\u00e9n otras instituciones y organismos se atrevan a vincularse con una realidad que debemos enfrentar entre todos y todas\u201d.<\/p>\n\n\n\n<p>Para postular a esta convocatoria las instituciones interesadas deben acceder a la plataforma virtual del Sistema de Gesti\u00f3n de Convenios (SIGEC) del ministerio hasta el jueves 15 de junio, a las 14:00 horas, de acuerdo a las bases disponibles en&nbsp;<a href=\"https:\/\/lc.cx\/bvDFYE\" target=\"_blank\" rel=\"noreferrer noopener\">https:\/\/lc.cx\/bvDFYE<\/a><\/p>\n\n\n\n<p>La transferencia de los recursos se efectuar\u00e1 en relaci\u00f3n al convenio que el ministerio suscriba con el organismo ejecutor, quedando estipuladas las acciones a desarrollar y las normas exigidas para la implementaci\u00f3n de la nueva Ruta Social.<\/p>\n","protected":false},"excerpt":{"rendered":"<p>Un nuevo dispositivo destinado a los hombres y mujeres en situaci\u00f3n de calle se activar\u00e1 pr\u00f3ximamente en la comuna de Punta Arenas. Se trata de la Ruta Social, que tiene&#8230; <a class=\"read-more\" href=\"https:\/\/www.radiopresidenteibanez.cl\/web\/desarrollo-social-y-familia-implementara-en-punta-arenas-una-segunda-ruta-para-las-personas-en-situacion-de-calle\/\">Leer m\u00e1s<\/a><\/p>\n","protected":false},"author":2,"featured_media":40397,"comment_status":"closed","ping_status":"closed","sticky":false,"template":"","format":"standard","meta":{"footnotes":""},"categories":[1],"tags":[],"class_list":["post-40396","post","type-post","status-publish","format-standard","has-post-thumbnail","hentry","category-cronica"],"_links":{"self":[{"href":"https:\/\/www.radiopresidenteibanez.cl\/web\/wp-json\/wp\/v2\/posts\/40396","targetHints":{"allow":["GET"]}}],"collection":[{"href":"https:\/\/www.radiopresidenteibanez.cl\/web\/wp-json\/wp\/v2\/posts"}],"about":[{"href":"https:\/\/www.radiopresidenteibanez.cl\/web\/wp-json\/wp\/v2\/types\/post"}],"author":[{"embeddable":true,"href":"https:\/\/www.radiopresidenteibanez.cl\/web\/wp-json\/wp\/v2\/users\/2"}],"replies":[{"embeddable":true,"href":"https:\/\/www.radiopresidenteibanez.cl\/web\/wp-json\/wp\/v2\/comments?post=40396"}],"version-history":[{"count":0,"href":"https:\/\/www.radiopresidenteibanez.cl\/web\/wp-json\/wp\/v2\/posts\/40396\/revisions"}],"wp:featuredmedia":[{"embeddable":true,"href":"https:\/\/www.radiopresidenteibanez.cl\/web\/wp-json\/wp\/v2\/media\/40397"}],"wp:attachment":[{"href":"https:\/\/www.radiopresidenteibanez.cl\/web\/wp-json\/wp\/v2\/media?parent=40396"}],"wp:term":[{"taxonomy":"category","embeddable":true,"href":"https:\/\/www.radiopresidenteibanez.cl\/web\/wp-json\/wp\/v2\/categories?post=40396"},{"taxonomy":"post_tag","embeddable":true,"href":"https:\/\/www.radiopresidenteibanez.cl\/web\/wp-json\/wp\/v2\/tags?post=40396"}],"curies":[{"name":"wp","href":"https:\/\/api.w.org\/{rel}","templated":true}]}}