{"id":40393,"date":"2023-06-12T12:31:00","date_gmt":"2023-06-12T15:31:00","guid":{"rendered":"https:\/\/www.radiopresidenteibanez.cl\/web\/?p=40393"},"modified":"2023-06-12T09:48:13","modified_gmt":"2023-06-12T12:48:13","slug":"programacion-semanal-de-el-ultimo-tren-a-casa-10","status":"publish","type":"post","link":"https:\/\/www.radiopresidenteibanez.cl\/web\/programacion-semanal-de-el-ultimo-tren-a-casa-10\/","title":{"rendered":"PROGRAMACI\u00d3N SEMANAL DE\u00a0 \u201cEL \u00daLTIMO TREN A CASA\u201d"},"content":{"rendered":"\n<p>Programaci\u00f3n de&nbsp;<em>\u201cEl \u00faltimo tren a casa\u201d<\/em>&nbsp;para la semana comprendida entre el lunes 12 y viernes 16 de junio de 2023:<\/p>\n\n\n\n<p>&#8211;&nbsp;&nbsp;&nbsp;&nbsp;&nbsp;&nbsp;&nbsp;&nbsp;&nbsp;Lunes 12 de junio, 19 hrs.,:&nbsp;<em>Solo Blues<\/em>&nbsp;a trav\u00e9s del programa&nbsp;<em>\u201cRuta 61\u201d<\/em>&nbsp;de radio Nacional de Espa\u00f1a con la conducci\u00f3n de J.J. Coe.&nbsp;<em>Grandes exponentes del blues.<\/em><\/p>\n\n\n\n<p>&#8211;&nbsp;&nbsp;&nbsp;&nbsp;&nbsp;&nbsp;&nbsp;&nbsp;&nbsp;Martes 13 de junio, 19 hrs.,:&nbsp;<em>\u201cLuz de Flash\u201d<\/em>&nbsp;del grupo&nbsp;<em>Congreso<\/em>, ganadores del Premio Pulsar 2023 como \u201c<em>\u00c1lbum del A\u00f1o<\/em>\u201d. Nuestro homenaje a la banda chilena y su m\u00fasica eterna.<\/p>\n\n\n\n<p>&#8211;&nbsp;&nbsp;&nbsp;&nbsp;&nbsp;&nbsp;&nbsp;&nbsp;&nbsp;Mi\u00e9rcoles 14 de junio, 19 hrs.,:&nbsp;<em>\u201cPasajeros del Tren\u201d<\/em>, amigos que viven fuera de la regi\u00f3n nos ofrecen su propuesta musical. Invitado: el magall\u00e1nico&nbsp;<em>\u00d3scar Riquelme Valle<\/em>&nbsp;desde Temuco.<\/p>\n\n\n\n<p>&#8211;&nbsp;&nbsp;&nbsp;&nbsp;&nbsp;&nbsp;&nbsp;&nbsp;&nbsp;Jueves 15 de junio, 19 hrs.,: Solo Jazz.&nbsp;<em>Ron Carter, Jack De Johnette, Gonzalo Rubalcada<\/em>&nbsp;y su disco \u201c<em>Skyline<\/em>\u201d<\/p>\n\n\n\n<p>&#8211;&nbsp;&nbsp;&nbsp;&nbsp;&nbsp;&nbsp;&nbsp;&nbsp;&nbsp;Viernes 16 de junio, 19 hrs.:&nbsp;<em>\u201cPasajeros del Tren\u201d<\/em>, amigos que viven fuera de la regi\u00f3n nos ofrecen su propuesta musical. Invitado: el magall\u00e1nico&nbsp;<em>\u00d3scar Riquelme Valle<\/em>&nbsp;desde Temuco.<\/p>\n\n\n\n<p>&#8211;&nbsp;&nbsp;&nbsp;&nbsp;&nbsp;&nbsp;&nbsp;&nbsp;&nbsp;Produce:&nbsp;<em>Colectivo Aczi\u00f3n Kultural<\/em><\/p>\n\n\n\n<p>&#8211;&nbsp;&nbsp;&nbsp;&nbsp;&nbsp;&nbsp;&nbsp;&nbsp;&nbsp;Dibujos:&nbsp;<em>Chico Alegr\u00eda\/Ping\u00fcino Mutante<\/em><\/p>\n\n\n\n<p>&#8211;&nbsp;&nbsp;&nbsp;&nbsp;&nbsp;&nbsp;&nbsp;&nbsp;&nbsp;Medio:&nbsp;<em>Radio Presidente Ib\u00e1nez&nbsp;<\/em>\u2013 88.5 FM \u2013&nbsp;<a href=\"http:\/\/www.radiopresidenteibanez.cl\/\" rel=\"noreferrer noopener\" target=\"_blank\">www.radiopresidenteibanez.cl<\/a><\/p>\n","protected":false},"excerpt":{"rendered":"<p>Programaci\u00f3n de&nbsp;\u201cEl \u00faltimo tren a casa\u201d&nbsp;para la semana comprendida entre el lunes 12 y viernes 16 de junio de 2023: &#8211;&nbsp;&nbsp;&nbsp;&nbsp;&nbsp;&nbsp;&nbsp;&nbsp;&nbsp;Lunes 12 de junio, 19 hrs.,:&nbsp;Solo Blues&nbsp;a trav\u00e9s del programa&nbsp;\u201cRuta&#8230; <a class=\"read-more\" href=\"https:\/\/www.radiopresidenteibanez.cl\/web\/programacion-semanal-de-el-ultimo-tren-a-casa-10\/\">Leer m\u00e1s<\/a><\/p>\n","protected":false},"author":2,"featured_media":40394,"comment_status":"closed","ping_status":"closed","sticky":false,"template":"","format":"standard","meta":{"footnotes":""},"categories":[1],"tags":[],"class_list":["post-40393","post","type-post","status-publish","format-standard","has-post-thumbnail","hentry","category-cronica"],"_links":{"self":[{"href":"https:\/\/www.radiopresidenteibanez.cl\/web\/wp-json\/wp\/v2\/posts\/40393","targetHints":{"allow":["GET"]}}],"collection":[{"href":"https:\/\/www.radiopresidenteibanez.cl\/web\/wp-json\/wp\/v2\/posts"}],"about":[{"href":"https:\/\/www.radiopresidenteibanez.cl\/web\/wp-json\/wp\/v2\/types\/post"}],"author":[{"embeddable":true,"href":"https:\/\/www.radiopresidenteibanez.cl\/web\/wp-json\/wp\/v2\/users\/2"}],"replies":[{"embeddable":true,"href":"https:\/\/www.radiopresidenteibanez.cl\/web\/wp-json\/wp\/v2\/comments?post=40393"}],"version-history":[{"count":0,"href":"https:\/\/www.radiopresidenteibanez.cl\/web\/wp-json\/wp\/v2\/posts\/40393\/revisions"}],"wp:featuredmedia":[{"embeddable":true,"href":"https:\/\/www.radiopresidenteibanez.cl\/web\/wp-json\/wp\/v2\/media\/40394"}],"wp:attachment":[{"href":"https:\/\/www.radiopresidenteibanez.cl\/web\/wp-json\/wp\/v2\/media?parent=40393"}],"wp:term":[{"taxonomy":"category","embeddable":true,"href":"https:\/\/www.radiopresidenteibanez.cl\/web\/wp-json\/wp\/v2\/categories?post=40393"},{"taxonomy":"post_tag","embeddable":true,"href":"https:\/\/www.radiopresidenteibanez.cl\/web\/wp-json\/wp\/v2\/tags?post=40393"}],"curies":[{"name":"wp","href":"https:\/\/api.w.org\/{rel}","templated":true}]}}