{"id":40390,"date":"2023-06-12T11:17:00","date_gmt":"2023-06-12T14:17:00","guid":{"rendered":"https:\/\/www.radiopresidenteibanez.cl\/web\/?p=40390"},"modified":"2023-06-12T08:44:03","modified_gmt":"2023-06-12T11:44:03","slug":"programa-quiero-mi-barrio-del-minvu-inauguro-obra-de-confianza-en-sector-el-pinguino","status":"publish","type":"post","link":"https:\/\/www.radiopresidenteibanez.cl\/web\/programa-quiero-mi-barrio-del-minvu-inauguro-obra-de-confianza-en-sector-el-pinguino\/","title":{"rendered":"PROGRAMA QUIERO MI BARRIO DEL MINVU INAUGURO OBRA DE CONFIANZA EN SECTOR  \u201cEL PINGUINO\u201d"},"content":{"rendered":"\n<p>La obra denominada \u201cMejoramiento acera sur calle Pedro B\u00f3rquez\u201d cont\u00f3 con un presupuesto de 40 millones de pesos del Ministerio de Vivienda y Urbanismo y fue solicitada por las propias vecinos y vecinos, con el objeto de mejorar el sector donde se ubican la sede vecinal y la parroquia San Jos\u00e9 El Carpintero, en un \u00e1rea de 395 metros cuadrados.<\/p>\n\n\n\n<p>\u201cEstamos muy contentos como Ministerio de Vivienda y Urbanismo de estar presentes en los barrios a trav\u00e9s de este programa creado el a\u00f1o 2006. Hoy inauguramos el paradero como tambi\u00e9n la banca con un trabajo hermoso que hicieron las vecinas con cer\u00e1micos y la instalaci\u00f3n de adoc\u00e9sped desde Augusto Lutz a calle Puerto Varas. Tenemos en ejecuci\u00f3n otras obras en el barrio, sin embargo, hoy d\u00eda quisimos generar un espacio para compartir y destacar la pertenencia de este trabajo elaborado por las propias vecinas\u201d, inform\u00f3 el Seremi de Vivienda y Urbanismo, Marco Uribe Saldivia.<\/p>\n\n\n\n<p>En la actividad los encargados social y urbano del Programa Quiero Mi Barrio en El Ping\u00fcino, Karen V\u00e1squez V\u00e1squez y Pablo Cid Almonacid, respectivamente, narraron el origen de la obra urbana que viene a dar soluci\u00f3n a la inexistencia de paraderos de locomoci\u00f3n colectiva y donde se plasm\u00f3 el fruto del taller de mosaico dirigido por Rodrigo Barr\u00eda C\u00e1rcamo. Se sum\u00f3, adem\u00e1s, el relato de cuatro participantes del taller, que valoraron el aprendizaje de la t\u00e9cnica y la posibilidad de perpetuar su trabajo en una obra relevante para la comunidad.<\/p>\n\n\n\n<p>El presidente de la junta de vecinos N\u00b039 y del Consejo Vecinal de Desarrollo, Atilio Barr\u00eda Ojeda, indic\u00f3 \u201cHemos podido hoy d\u00eda inaugurar este paradero que hac\u00eda mucha falta en nuestra poblaci\u00f3n, la gente cuando esperaba movilizaci\u00f3n ten\u00eda que hacerlo a plena intemperie y ahora van a estar protegidos.&nbsp; Aprovecho esta ocasi\u00f3n para hacer el llamado a que lo cuiden, lo protejan, que consideren que esto no se hace todos los d\u00edas, las inversiones son altas y cuesta mucho conseguirlas\u201d.<\/p>\n\n\n\n<p>Rodrigo Barr\u00eda C\u00e1rcamo, se\u00f1al\u00f3 que el taller se realiz\u00f3 durante dos meses y consider\u00f3 una actividad con p\u00e1rvulos \u201cEn un mural quisimos plasmar Isla Magdalena y resaltar el cielo multicolor caracter\u00edstico de Magallanes. En el sector de la banca incorporamos el nombre del barrio y varias especies de aves de la Regi\u00f3n. Espero que la comunidad cuide mucho este trabajo y sepan que lo hicieron las abuelas de esta misma poblaci\u00f3n, lo cual le da un tremendo valor\u201d.<\/p>\n\n\n\n<p>El encuentro se inici\u00f3 con la presentaci\u00f3n del conjunto folkl\u00f3rico \u201cEntre Espuelas y Coirones\u201d y cont\u00f3 con la asistencia del Seremi de Gobierno, Andro Mimica Guerrero, la Seremi de Energ\u00eda, Mar\u00eda Luisa Ojeda Almonacid, la arquitecta de la Municipalidad de Punta Arenas, Ilse Vrsalovic Barrera, los equipos del programa Quiero Mi Barrio de la Seremi MINVU y el Municipio y numerosos vecinos y vecinas.<\/p>\n","protected":false},"excerpt":{"rendered":"<p>La obra denominada \u201cMejoramiento acera sur calle Pedro B\u00f3rquez\u201d cont\u00f3 con un presupuesto de 40 millones de pesos del Ministerio de Vivienda y Urbanismo y fue solicitada por las propias&#8230; <a class=\"read-more\" href=\"https:\/\/www.radiopresidenteibanez.cl\/web\/programa-quiero-mi-barrio-del-minvu-inauguro-obra-de-confianza-en-sector-el-pinguino\/\">Leer m\u00e1s<\/a><\/p>\n","protected":false},"author":2,"featured_media":40391,"comment_status":"closed","ping_status":"closed","sticky":false,"template":"","format":"standard","meta":{"footnotes":""},"categories":[1],"tags":[],"class_list":["post-40390","post","type-post","status-publish","format-standard","has-post-thumbnail","hentry","category-cronica"],"_links":{"self":[{"href":"https:\/\/www.radiopresidenteibanez.cl\/web\/wp-json\/wp\/v2\/posts\/40390","targetHints":{"allow":["GET"]}}],"collection":[{"href":"https:\/\/www.radiopresidenteibanez.cl\/web\/wp-json\/wp\/v2\/posts"}],"about":[{"href":"https:\/\/www.radiopresidenteibanez.cl\/web\/wp-json\/wp\/v2\/types\/post"}],"author":[{"embeddable":true,"href":"https:\/\/www.radiopresidenteibanez.cl\/web\/wp-json\/wp\/v2\/users\/2"}],"replies":[{"embeddable":true,"href":"https:\/\/www.radiopresidenteibanez.cl\/web\/wp-json\/wp\/v2\/comments?post=40390"}],"version-history":[{"count":0,"href":"https:\/\/www.radiopresidenteibanez.cl\/web\/wp-json\/wp\/v2\/posts\/40390\/revisions"}],"wp:featuredmedia":[{"embeddable":true,"href":"https:\/\/www.radiopresidenteibanez.cl\/web\/wp-json\/wp\/v2\/media\/40391"}],"wp:attachment":[{"href":"https:\/\/www.radiopresidenteibanez.cl\/web\/wp-json\/wp\/v2\/media?parent=40390"}],"wp:term":[{"taxonomy":"category","embeddable":true,"href":"https:\/\/www.radiopresidenteibanez.cl\/web\/wp-json\/wp\/v2\/categories?post=40390"},{"taxonomy":"post_tag","embeddable":true,"href":"https:\/\/www.radiopresidenteibanez.cl\/web\/wp-json\/wp\/v2\/tags?post=40390"}],"curies":[{"name":"wp","href":"https:\/\/api.w.org\/{rel}","templated":true}]}}