{"id":40387,"date":"2023-06-12T10:25:00","date_gmt":"2023-06-12T13:25:00","guid":{"rendered":"https:\/\/www.radiopresidenteibanez.cl\/web\/?p=40387"},"modified":"2023-06-12T08:39:54","modified_gmt":"2023-06-12T11:39:54","slug":"senador-kusanovic-critico-el-excesivo-centralismo-al-tomar-decisiones-sobre-el-territorio-sin-consultarle-a-los-habitantes-de-la-zona-austral","status":"publish","type":"post","link":"https:\/\/www.radiopresidenteibanez.cl\/web\/senador-kusanovic-critico-el-excesivo-centralismo-al-tomar-decisiones-sobre-el-territorio-sin-consultarle-a-los-habitantes-de-la-zona-austral\/","title":{"rendered":"SENADOR KUSANOVIC CRITICO EL EXCESIVO CENTRALISMO AL TOMAR DECISIONES SOBRE EL TERRITORIO SIN CONSULTARLE A LOS HABITANTES DE LA ZONA AUSTRAL"},"content":{"rendered":"\n<p>El pasado mi\u00e9rcoles, la Sala del Senado aprob\u00f3 y despacho el informe de la Comisi\u00f3n Mixta sobre el<br>Servicio Nacional de la Biodiversidad y Areas Protegidas, el que fue aprobado por 28 votos a favor y 2 en<br>contra, resolviendo de esta manera las discrepancias surgidas entre ambas C\u00e1maras. Ahora corresponde<br>a la Sala de la C\u00e1mara de Diputados que se pronuncie sobre el texto que busca modernizar la<br>institucionalidad actual.<br>Durante su intervenci\u00f3n el senador por Magallanes, Alejando Kusanovic, manifest\u00f3 que no se puede<br>estar en contra de los parques nacionales y las \u00e1reas protegidas, pero fue cr\u00edtico acusando \u201cque hay un<br>tremendo desequilibrio e irracionalidad, ya que las regiones de Ays\u00e9n y Magallanes no hemos sido<br>consultados que debe o que no debe ser parque. En Magallanes, tenemos el 60% del territorio parque<br>nacional, y no le preguntaron a nadie. El centralismo no le pregunto absolutamente a nadie\u201d. En esa<br>l\u00ednea, el parlamentario apunto a que \u201ctenemos el 90% del borde costero restringido para actividades de<br>desarrollo, y \u00bfqui\u00e9n nos paga a los magall\u00e1nicos por tener esas restricciones? \u00bfqui\u00e9n nos compensa por<br>tener eso? Nadie. Se toman decisiones por el futuro de Magallanes, sin preguntarle a los magall\u00e1nicos\u201d<br>sentencio.<br>En la instancia tambi\u00e9n apunto al rol del Estado en esta materia, responsabilizando la pasividad para<br>compatibilizar el desarrollo de las regiones y su protecci\u00f3n, \u201cdebemos trabajar todos, las universidades,<br>el Estado y los privados en desarrollar la mejor tecnolog\u00eda para hacer los procesos de desarrollo mas<br>eficientes y no se hace. Yo creo que hay que usar la \u00faltima tecnolog\u00eda disponible y dise\u00f1ar nueva<br>tecnolog\u00eda para ello\u201d puntualizo.<br>Finalmente, Kusanovic cuestiono el excesivo centralismo con que se est\u00e1n adoptando las decisiones<br>sobre el territorio, haciendo un llamado a consultarle a la gente que vive en las regiones \u201cyo creo que<br>ac\u00e1 ha habido un abuso del centralismo con las zonas extremas, donde se han tomado decisiones por los<br>habitantes de la Zona Austral, lo que me tiene muy molesto.\u201d<\/p>\n","protected":false},"excerpt":{"rendered":"<p>El pasado mi\u00e9rcoles, la Sala del Senado aprob\u00f3 y despacho el informe de la Comisi\u00f3n Mixta sobre elServicio Nacional de la Biodiversidad y Areas Protegidas, el que fue aprobado por&#8230; <a class=\"read-more\" href=\"https:\/\/www.radiopresidenteibanez.cl\/web\/senador-kusanovic-critico-el-excesivo-centralismo-al-tomar-decisiones-sobre-el-territorio-sin-consultarle-a-los-habitantes-de-la-zona-austral\/\">Leer m\u00e1s<\/a><\/p>\n","protected":false},"author":2,"featured_media":40388,"comment_status":"closed","ping_status":"closed","sticky":false,"template":"","format":"standard","meta":{"footnotes":""},"categories":[1],"tags":[],"class_list":["post-40387","post","type-post","status-publish","format-standard","has-post-thumbnail","hentry","category-cronica"],"_links":{"self":[{"href":"https:\/\/www.radiopresidenteibanez.cl\/web\/wp-json\/wp\/v2\/posts\/40387","targetHints":{"allow":["GET"]}}],"collection":[{"href":"https:\/\/www.radiopresidenteibanez.cl\/web\/wp-json\/wp\/v2\/posts"}],"about":[{"href":"https:\/\/www.radiopresidenteibanez.cl\/web\/wp-json\/wp\/v2\/types\/post"}],"author":[{"embeddable":true,"href":"https:\/\/www.radiopresidenteibanez.cl\/web\/wp-json\/wp\/v2\/users\/2"}],"replies":[{"embeddable":true,"href":"https:\/\/www.radiopresidenteibanez.cl\/web\/wp-json\/wp\/v2\/comments?post=40387"}],"version-history":[{"count":0,"href":"https:\/\/www.radiopresidenteibanez.cl\/web\/wp-json\/wp\/v2\/posts\/40387\/revisions"}],"wp:featuredmedia":[{"embeddable":true,"href":"https:\/\/www.radiopresidenteibanez.cl\/web\/wp-json\/wp\/v2\/media\/40388"}],"wp:attachment":[{"href":"https:\/\/www.radiopresidenteibanez.cl\/web\/wp-json\/wp\/v2\/media?parent=40387"}],"wp:term":[{"taxonomy":"category","embeddable":true,"href":"https:\/\/www.radiopresidenteibanez.cl\/web\/wp-json\/wp\/v2\/categories?post=40387"},{"taxonomy":"post_tag","embeddable":true,"href":"https:\/\/www.radiopresidenteibanez.cl\/web\/wp-json\/wp\/v2\/tags?post=40387"}],"curies":[{"name":"wp","href":"https:\/\/api.w.org\/{rel}","templated":true}]}}