{"id":4033,"date":"2019-05-09T01:44:34","date_gmt":"2019-05-09T01:44:34","guid":{"rendered":"http:\/\/www.radiopresidenteibanez.cl\/web\/?p=4033"},"modified":"2019-05-09T01:47:16","modified_gmt":"2019-05-09T01:47:16","slug":"candidatos-a-5to-basico-de-la-alianza-amarilla-escuela-argentina","status":"publish","type":"post","link":"https:\/\/www.radiopresidenteibanez.cl\/web\/candidatos-a-5to-basico-de-la-alianza-amarilla-escuela-argentina\/","title":{"rendered":"CANDIDATOS A REYES DEL 5to B\u00c1SICO DE LA ALIANZA AMARILLA ESCUELA ARGENTINA"},"content":{"rendered":"\n<p>Constanza Caricheo P\u00e9rez y Juan Manuel Bedoya son candidatos a reyes del 5to a\u00f1o b\u00e1sico de la alianza amarilla de la Escuela Rep\u00fablica Argentina en su conmemoraci\u00f3n de los 31 a\u00f1os.<\/p>\n\n\n\n<figure class=\"wp-block-image\"><img loading=\"lazy\" decoding=\"async\" width=\"576\" height=\"1024\" src=\"https:\/\/www.radiopresidenteibanez.cl\/web\/wp-content\/uploads\/2019\/05\/WhatsApp-Image-2019-05-08-at-18.41.03-576x1024.jpeg\" alt=\"\" class=\"wp-image-4034\" srcset=\"https:\/\/www.radiopresidenteibanez.cl\/web\/wp-content\/uploads\/2019\/05\/WhatsApp-Image-2019-05-08-at-18.41.03-576x1024.jpeg 576w, https:\/\/www.radiopresidenteibanez.cl\/web\/wp-content\/uploads\/2019\/05\/WhatsApp-Image-2019-05-08-at-18.41.03-169x300.jpeg 169w, https:\/\/www.radiopresidenteibanez.cl\/web\/wp-content\/uploads\/2019\/05\/WhatsApp-Image-2019-05-08-at-18.41.03.jpeg 720w\" sizes=\"auto, (max-width: 576px) 100vw, 576px\" \/><\/figure>\n","protected":false},"excerpt":{"rendered":"<p>Constanza Caricheo P\u00e9rez y Juan Manuel Bedoya son candidatos a reyes del 5to a\u00f1o b\u00e1sico de la alianza amarilla de la Escuela Rep\u00fablica Argentina en su conmemoraci\u00f3n de los 31&#8230; <a class=\"read-more\" href=\"https:\/\/www.radiopresidenteibanez.cl\/web\/candidatos-a-5to-basico-de-la-alianza-amarilla-escuela-argentina\/\">Leer m\u00e1s<\/a><\/p>\n","protected":false},"author":2,"featured_media":4035,"comment_status":"closed","ping_status":"closed","sticky":false,"template":"","format":"standard","meta":{"footnotes":""},"categories":[4],"tags":[],"class_list":["post-4033","post","type-post","status-publish","format-standard","has-post-thumbnail","hentry","category-entretenimiento-y-cultura"],"_links":{"self":[{"href":"https:\/\/www.radiopresidenteibanez.cl\/web\/wp-json\/wp\/v2\/posts\/4033","targetHints":{"allow":["GET"]}}],"collection":[{"href":"https:\/\/www.radiopresidenteibanez.cl\/web\/wp-json\/wp\/v2\/posts"}],"about":[{"href":"https:\/\/www.radiopresidenteibanez.cl\/web\/wp-json\/wp\/v2\/types\/post"}],"author":[{"embeddable":true,"href":"https:\/\/www.radiopresidenteibanez.cl\/web\/wp-json\/wp\/v2\/users\/2"}],"replies":[{"embeddable":true,"href":"https:\/\/www.radiopresidenteibanez.cl\/web\/wp-json\/wp\/v2\/comments?post=4033"}],"version-history":[{"count":0,"href":"https:\/\/www.radiopresidenteibanez.cl\/web\/wp-json\/wp\/v2\/posts\/4033\/revisions"}],"wp:featuredmedia":[{"embeddable":true,"href":"https:\/\/www.radiopresidenteibanez.cl\/web\/wp-json\/wp\/v2\/media\/4035"}],"wp:attachment":[{"href":"https:\/\/www.radiopresidenteibanez.cl\/web\/wp-json\/wp\/v2\/media?parent=4033"}],"wp:term":[{"taxonomy":"category","embeddable":true,"href":"https:\/\/www.radiopresidenteibanez.cl\/web\/wp-json\/wp\/v2\/categories?post=4033"},{"taxonomy":"post_tag","embeddable":true,"href":"https:\/\/www.radiopresidenteibanez.cl\/web\/wp-json\/wp\/v2\/tags?post=4033"}],"curies":[{"name":"wp","href":"https:\/\/api.w.org\/{rel}","templated":true}]}}