{"id":40323,"date":"2023-06-08T17:35:00","date_gmt":"2023-06-08T20:35:00","guid":{"rendered":"https:\/\/www.radiopresidenteibanez.cl\/web\/?p=40323"},"modified":"2023-06-08T15:43:35","modified_gmt":"2023-06-08T18:43:35","slug":"importante-hito-en-el-desarrollo-del-proyecto-para-la-construccion-del-relleno-sanitario-de-tierra-del-fuego","status":"publish","type":"post","link":"https:\/\/www.radiopresidenteibanez.cl\/web\/importante-hito-en-el-desarrollo-del-proyecto-para-la-construccion-del-relleno-sanitario-de-tierra-del-fuego\/","title":{"rendered":"IMPORTANTE HITO EN EL DESARROLLO DEL PROYECTO PARA LA CONSTRUCCION DEL RELLENO SANITARIO DE TIERRA DEL FUEGO"},"content":{"rendered":"\n<p>Un importante avance se concret\u00f3 el pasado lunes 5 de junio, coincidente con la conmemoraci\u00f3n del D\u00eda Mundial del Medio Ambiente, donde el Servicio de Evaluaci\u00f3n Ambiental (SEA) de Magallanes public\u00f3 la RCA N\u00ba20231200146 que califica favorablemente el proyecto \u201cCentro de Gesti\u00f3n de Residuos S\u00f3lidos Tierra del Fuego\u201d, cuyo dise\u00f1o y evaluaci\u00f3n de impacto ambiental es liderada por el Gobierno Regional.<\/p>\n\n\n\n<p>Este proyecto, es una iniciativa incorporada al Plan Especial de Desarrollo de Zonas Extremas que decidi\u00f3 abordar directamente el Gobierno Regional como Unidad T\u00e9cnica el a\u00f1o 2016, realizando la selecci\u00f3n del terreno y los estudios topogr\u00e1ficos, geot\u00e9cnicos, hidrol\u00f3gicos e hidrogeol\u00f3gicos que estuvieron a cargo de la Consultora Con Potencial SPA y verificados estos resultados se procedi\u00f3 a la compra del terreno de 150 hect\u00e1reas en el sector Santa Mar\u00eda, distante 5 kil\u00f3metros al Sur de Porvenir.<\/p>\n\n\n\n<p>Tras la nueva gesti\u00f3n del Gobernador Flies y que dej\u00f3 a cargo a la Divisi\u00f3n de Infraestructura y Transportes de la iniciativa, se ha procurado efectuar una exigente evaluaci\u00f3n del proyecto sobre las componentes ambientales, lo que permiti\u00f3 que la DIA (Declaraci\u00f3n de Impacto Ambiental) sea aprobada un\u00e1nimemente por todos los organismos con competencia ambiental durante la comisi\u00f3n.<\/p>\n\n\n\n<p>La evaluaci\u00f3n de impacto ambiental del proyecto demor\u00f3 nueve meses en el SEIA, fue consistente y prolija, ajustada en todos sus aspectos a los est\u00e1ndares vigentes, recibiendo especial atenci\u00f3n durante el proceso de evaluaci\u00f3n en el SEIA: el poblamiento que existe entre la localidad de Porvenir y el proyecto, el cuidado del agua, el control de olores y la presencia cercana de especies de fauna protegidas, como el Canqu\u00e9n Colorado o el Tuco-Tuco de Magallanes.<\/p>\n\n\n\n<p>Este complejo industrial, es un proyecto integral e innovador, donde se contempla infraestructura para satisfacer la demanda de disposici\u00f3n final de residuos s\u00f3lidos municipales y asimilables generados en las comunas de Porvenir, Primavera y Timaukel de manera segura y controlada, a trav\u00e9s de zanjas techadas completamente impermeabilizadas con la m\u00ednima generaci\u00f3n de lixiviados, lo que permite disminuir la carga h\u00eddrica en la masa de residuos, controlar la emanaci\u00f3n de olores, la atracci\u00f3n de vectores y la dispersi\u00f3n de residuos livianos. De esta forma, se cumple uno de los principales objetivos del proyecto, donde se prioriz\u00f3 el cuidado del medio ambiente y el bienestar de sus habitantes y visitantes, disminuyendo los impactos ambientales, a trav\u00e9s de importantes mejoras en el dise\u00f1o respecto de rellenos sanitarios tradicionales.<\/p>\n\n\n\n<p><br>Adicionalmente, este proyecto contempla infraestructura para la valorizaci\u00f3n de elementos que aun poseen vida \u00fatil, donde ser\u00e1 posible pretratar y almacenar temporalmente dichos materiales, con el objetivo de fomentar el desarrollo local en relaci\u00f3n a la econom\u00eda circular, las acciones de minimizaci\u00f3n de residuos y fomento al reciclaje, que aportan a la adaptaci\u00f3n al Cambio Clim\u00e1tico.<\/p>\n\n\n\n<p>Ser\u00e1 probablemente el Centro para la Gesti\u00f3n de Residuos S\u00f3lidos m\u00e1s moderno de Chile y se espera sea motivo de orgullo, dejando atr\u00e1s el d\u00e9ficit asociado a la actual gesti\u00f3n de Residuos S\u00f3lidos en Tierra del Fuego, permitiendo implementar los Planes de Cierre de los antiguos sitios de disposici\u00f3n.<\/p>\n\n\n\n<p>Se estima una inversi\u00f3n de sobre los 20 mil millones de pesos en infraestructura y equipos, dise\u00f1ado para dar empleos con condiciones confortables y recibir visitas programadas. Sigue ahora la tramitaci\u00f3n de Permisos Sectoriales que se derivaron de la evaluaci\u00f3n ambiental y posteriormente la elaboraci\u00f3n de antecedentes para la presentaci\u00f3n del proyecto al Sistema Nacional de Inversiones para su ejecuci\u00f3n.<\/p>\n","protected":false},"excerpt":{"rendered":"<p>Un importante avance se concret\u00f3 el pasado lunes 5 de junio, coincidente con la conmemoraci\u00f3n del D\u00eda Mundial del Medio Ambiente, donde el Servicio de Evaluaci\u00f3n Ambiental (SEA) de Magallanes&#8230; <a class=\"read-more\" href=\"https:\/\/www.radiopresidenteibanez.cl\/web\/importante-hito-en-el-desarrollo-del-proyecto-para-la-construccion-del-relleno-sanitario-de-tierra-del-fuego\/\">Leer m\u00e1s<\/a><\/p>\n","protected":false},"author":2,"featured_media":40324,"comment_status":"closed","ping_status":"closed","sticky":false,"template":"","format":"standard","meta":{"footnotes":""},"categories":[1],"tags":[],"class_list":["post-40323","post","type-post","status-publish","format-standard","has-post-thumbnail","hentry","category-cronica"],"_links":{"self":[{"href":"https:\/\/www.radiopresidenteibanez.cl\/web\/wp-json\/wp\/v2\/posts\/40323","targetHints":{"allow":["GET"]}}],"collection":[{"href":"https:\/\/www.radiopresidenteibanez.cl\/web\/wp-json\/wp\/v2\/posts"}],"about":[{"href":"https:\/\/www.radiopresidenteibanez.cl\/web\/wp-json\/wp\/v2\/types\/post"}],"author":[{"embeddable":true,"href":"https:\/\/www.radiopresidenteibanez.cl\/web\/wp-json\/wp\/v2\/users\/2"}],"replies":[{"embeddable":true,"href":"https:\/\/www.radiopresidenteibanez.cl\/web\/wp-json\/wp\/v2\/comments?post=40323"}],"version-history":[{"count":0,"href":"https:\/\/www.radiopresidenteibanez.cl\/web\/wp-json\/wp\/v2\/posts\/40323\/revisions"}],"wp:featuredmedia":[{"embeddable":true,"href":"https:\/\/www.radiopresidenteibanez.cl\/web\/wp-json\/wp\/v2\/media\/40324"}],"wp:attachment":[{"href":"https:\/\/www.radiopresidenteibanez.cl\/web\/wp-json\/wp\/v2\/media?parent=40323"}],"wp:term":[{"taxonomy":"category","embeddable":true,"href":"https:\/\/www.radiopresidenteibanez.cl\/web\/wp-json\/wp\/v2\/categories?post=40323"},{"taxonomy":"post_tag","embeddable":true,"href":"https:\/\/www.radiopresidenteibanez.cl\/web\/wp-json\/wp\/v2\/tags?post=40323"}],"curies":[{"name":"wp","href":"https:\/\/api.w.org\/{rel}","templated":true}]}}