{"id":40308,"date":"2023-06-08T12:37:00","date_gmt":"2023-06-08T15:37:00","guid":{"rendered":"https:\/\/www.radiopresidenteibanez.cl\/web\/?p=40308"},"modified":"2023-06-08T10:33:08","modified_gmt":"2023-06-08T13:33:08","slug":"presidenta-de-la-corte-de-punta-arenas-recibio-el-saludo-protocolar-del-fiscal-regional-de-magallanes","status":"publish","type":"post","link":"https:\/\/www.radiopresidenteibanez.cl\/web\/presidenta-de-la-corte-de-punta-arenas-recibio-el-saludo-protocolar-del-fiscal-regional-de-magallanes\/","title":{"rendered":"PRESIDENTA DE LA CORTE DE PUNTA ARENAS RECIBIO EL SALUDO PROTOCOLAR DEL FISCAL REGIONAL DE MAGALLANES"},"content":{"rendered":"\n<p>La presidenta de la Corte de Apelaciones de Punta Arenas, ministra Caroline Turner Gonz\u00e1lez,<br>recibi\u00f3 el saludo protocolar del reciente nombrado fiscal regional Cristian&nbsp; Crisosto y&nbsp; la directora<br>ejecutiva regional, Camila Fern\u00e1ndez.<br>\u201cFue un gusto recibir la visita protocolar del nuevo fiscal regional, el se\u00f1or Crisosto, estuvo<br>cont\u00e1ndome la impronta que pretende dar, como fiscal regional del Ministerio P\u00fablico. Adem\u00e1s,<br>vino acompa\u00f1ado de la directora ejecutiva quien tambi\u00e9n se traslad\u00f3 junto con \u00e9l a esta zona.&nbsp;<br>Hablamos de las posibilidades de llevar a cabo acciones conjuntas que nos compete como distintos<br>actores dentro del sistema de justicia penal y la verdad quedo bastante esperanzada de poder<br>tener \u2013como siempre se ha tenido- una relaci\u00f3n cordial con la Fiscal\u00eda y de cooperaci\u00f3n mutua<br>dentro de la esfera de competencia que corresponde a ellos y a nosotros\u201d, coment\u00f3 al finalizar la<br>reuni\u00f3n la presidenta Turner.<br>Por su parte, el fiscal regional, Cristian Crisosto, coment\u00f3 que, \u201cfue una visita muy importante para<br>nosotros ya que ella es la m\u00e1xima autoridad del Poder Judicial en la regi\u00f3n, planteamos los<br>procedimientos que actualmente est\u00e1n vigencia, los proyectos que tenemos y se reafirm\u00f3 nuestro<br>compromiso, de ambas instituciones poder servir de la mejor forma a la comunidad en el \u00e1mbito<br>de justicia\u201d.<\/p>\n","protected":false},"excerpt":{"rendered":"<p>La presidenta de la Corte de Apelaciones de Punta Arenas, ministra Caroline Turner Gonz\u00e1lez,recibi\u00f3 el saludo protocolar del reciente nombrado fiscal regional Cristian&nbsp; Crisosto y&nbsp; la directoraejecutiva regional, Camila Fern\u00e1ndez.\u201cFue&#8230; <a class=\"read-more\" href=\"https:\/\/www.radiopresidenteibanez.cl\/web\/presidenta-de-la-corte-de-punta-arenas-recibio-el-saludo-protocolar-del-fiscal-regional-de-magallanes\/\">Leer m\u00e1s<\/a><\/p>\n","protected":false},"author":2,"featured_media":40309,"comment_status":"closed","ping_status":"closed","sticky":false,"template":"","format":"standard","meta":{"footnotes":""},"categories":[1],"tags":[],"class_list":["post-40308","post","type-post","status-publish","format-standard","has-post-thumbnail","hentry","category-cronica"],"_links":{"self":[{"href":"https:\/\/www.radiopresidenteibanez.cl\/web\/wp-json\/wp\/v2\/posts\/40308","targetHints":{"allow":["GET"]}}],"collection":[{"href":"https:\/\/www.radiopresidenteibanez.cl\/web\/wp-json\/wp\/v2\/posts"}],"about":[{"href":"https:\/\/www.radiopresidenteibanez.cl\/web\/wp-json\/wp\/v2\/types\/post"}],"author":[{"embeddable":true,"href":"https:\/\/www.radiopresidenteibanez.cl\/web\/wp-json\/wp\/v2\/users\/2"}],"replies":[{"embeddable":true,"href":"https:\/\/www.radiopresidenteibanez.cl\/web\/wp-json\/wp\/v2\/comments?post=40308"}],"version-history":[{"count":0,"href":"https:\/\/www.radiopresidenteibanez.cl\/web\/wp-json\/wp\/v2\/posts\/40308\/revisions"}],"wp:featuredmedia":[{"embeddable":true,"href":"https:\/\/www.radiopresidenteibanez.cl\/web\/wp-json\/wp\/v2\/media\/40309"}],"wp:attachment":[{"href":"https:\/\/www.radiopresidenteibanez.cl\/web\/wp-json\/wp\/v2\/media?parent=40308"}],"wp:term":[{"taxonomy":"category","embeddable":true,"href":"https:\/\/www.radiopresidenteibanez.cl\/web\/wp-json\/wp\/v2\/categories?post=40308"},{"taxonomy":"post_tag","embeddable":true,"href":"https:\/\/www.radiopresidenteibanez.cl\/web\/wp-json\/wp\/v2\/tags?post=40308"}],"curies":[{"name":"wp","href":"https:\/\/api.w.org\/{rel}","templated":true}]}}