{"id":4030,"date":"2019-05-08T17:25:30","date_gmt":"2019-05-08T17:25:30","guid":{"rendered":"http:\/\/www.radiopresidenteibanez.cl\/web\/?p=4030"},"modified":"2019-05-08T17:26:20","modified_gmt":"2019-05-08T17:26:20","slug":"concejal-german-flores-ruta-al-aeropuerto-contara-con-iluminacion-dando-solucion-una-urgente-necesidad","status":"publish","type":"post","link":"https:\/\/www.radiopresidenteibanez.cl\/web\/concejal-german-flores-ruta-al-aeropuerto-contara-con-iluminacion-dando-solucion-una-urgente-necesidad\/","title":{"rendered":"CONCEJAL GERMAN FLORES: \u201cRUTA AL AEROPUERTO CONTAR\u00c1 CON ILUMINACI\u00d3N DANDO SOLUCI\u00d3N  UNA URGENTE NECESIDAD\u201d"},"content":{"rendered":"\n<p>Satisfecho de haber canalizado una demanda ciudadana ante el\nconcejo municipal y el Ministerio de Obras P\u00fablicas, se manifest\u00f3 el concejal\nGerm\u00e1n Flores, luego que esta ma\u00f1ana se confirmara el inicio de la elaboraci\u00f3n\nde un proyecto que dotar\u00e1 de iluminaci\u00f3n la ruta hacia el aeropuerto de Punta\nArenas.<\/p>\n\n\n\n<p>\u201cEsta no es una idea que haya nacido de este concejal, esto\nes un anhelo y una necesidad de la comunidad, sobre todo de los conductores que\na diario se desplazan desde y hacia al aeropuerto. Desde enero del a\u00f1o pasado\nven\u00eda insistiendo en que se pudiera dar vida a un proyecto de iluminaci\u00f3n de\nesta transitada v\u00eda, hoy el alcalde de la comuna Claudio Radonich y el Seremi\nde Obras P\u00fablicas Pablo Rendoll, han confirmado que se inici\u00f3 la elaboraci\u00f3n de\nun proyecto\u201d, se\u00f1al\u00f3 Flores.<\/p>\n\n\n\n<p>El concejal agreg\u00f3 que esta confirmaci\u00f3n se dio tras la\nllegada del \u00fanico experto que tiene el MOP a nivel nacional, se trata dijo, de\nRodrigo Marks, quien durante esta \u00faltimas horas estuvo trabajando en terreno\ncon el director del departamento de planificaci\u00f3n de la municipalidad \u00c1lvaro\nGuzm\u00e1n, oportunidad en la cual vieron la factibilidad de la obra y planificando\nsu dise\u00f1o, cuyas caracter\u00edstica contemplar\u00e1 luces led.<\/p>\n\n\n\n<p>Consultado el concejal Germ\u00e1n Flores por los plazos, se\u00f1al\u00f3 que de acuerdo a lo manifestado por el alcalde, este proyecto que tiene un costo preliminar de mil cien millones de pesos, se espera que pueda ser ingresado al gobierno regional durante el segundo semestre para la obtenci\u00f3n de recursos y empezar a ser ejecutado a principio del a\u00f1o 2020, \u201cespero que este sea el \u00faltimo invierno que esta ruta est\u00e9 a oscura\u201d, concluy\u00f3.<\/p>\n\n\n\n<figure class=\"wp-block-image\"><img loading=\"lazy\" decoding=\"async\" width=\"1024\" height=\"682\" src=\"https:\/\/www.radiopresidenteibanez.cl\/web\/wp-content\/uploads\/2019\/05\/792330c6-0f05-4c34-bc36-772c2a6427ec-1024x682.jpg\" alt=\"\" class=\"wp-image-4031\" srcset=\"https:\/\/www.radiopresidenteibanez.cl\/web\/wp-content\/uploads\/2019\/05\/792330c6-0f05-4c34-bc36-772c2a6427ec-1024x682.jpg 1024w, https:\/\/www.radiopresidenteibanez.cl\/web\/wp-content\/uploads\/2019\/05\/792330c6-0f05-4c34-bc36-772c2a6427ec-300x200.jpg 300w, https:\/\/www.radiopresidenteibanez.cl\/web\/wp-content\/uploads\/2019\/05\/792330c6-0f05-4c34-bc36-772c2a6427ec-768x512.jpg 768w, https:\/\/www.radiopresidenteibanez.cl\/web\/wp-content\/uploads\/2019\/05\/792330c6-0f05-4c34-bc36-772c2a6427ec.jpg 1280w\" sizes=\"auto, (max-width: 1024px) 100vw, 1024px\" \/><\/figure>\n","protected":false},"excerpt":{"rendered":"<p>Satisfecho de haber canalizado una demanda ciudadana ante el concejo municipal y el Ministerio de Obras P\u00fablicas, se manifest\u00f3 el concejal Germ\u00e1n Flores, luego que esta ma\u00f1ana se confirmara el&#8230; <a class=\"read-more\" href=\"https:\/\/www.radiopresidenteibanez.cl\/web\/concejal-german-flores-ruta-al-aeropuerto-contara-con-iluminacion-dando-solucion-una-urgente-necesidad\/\">Leer m\u00e1s<\/a><\/p>\n","protected":false},"author":2,"featured_media":4031,"comment_status":"closed","ping_status":"closed","sticky":false,"template":"","format":"standard","meta":{"footnotes":""},"categories":[1],"tags":[],"class_list":["post-4030","post","type-post","status-publish","format-standard","has-post-thumbnail","hentry","category-cronica"],"_links":{"self":[{"href":"https:\/\/www.radiopresidenteibanez.cl\/web\/wp-json\/wp\/v2\/posts\/4030","targetHints":{"allow":["GET"]}}],"collection":[{"href":"https:\/\/www.radiopresidenteibanez.cl\/web\/wp-json\/wp\/v2\/posts"}],"about":[{"href":"https:\/\/www.radiopresidenteibanez.cl\/web\/wp-json\/wp\/v2\/types\/post"}],"author":[{"embeddable":true,"href":"https:\/\/www.radiopresidenteibanez.cl\/web\/wp-json\/wp\/v2\/users\/2"}],"replies":[{"embeddable":true,"href":"https:\/\/www.radiopresidenteibanez.cl\/web\/wp-json\/wp\/v2\/comments?post=4030"}],"version-history":[{"count":0,"href":"https:\/\/www.radiopresidenteibanez.cl\/web\/wp-json\/wp\/v2\/posts\/4030\/revisions"}],"wp:featuredmedia":[{"embeddable":true,"href":"https:\/\/www.radiopresidenteibanez.cl\/web\/wp-json\/wp\/v2\/media\/4031"}],"wp:attachment":[{"href":"https:\/\/www.radiopresidenteibanez.cl\/web\/wp-json\/wp\/v2\/media?parent=4030"}],"wp:term":[{"taxonomy":"category","embeddable":true,"href":"https:\/\/www.radiopresidenteibanez.cl\/web\/wp-json\/wp\/v2\/categories?post=4030"},{"taxonomy":"post_tag","embeddable":true,"href":"https:\/\/www.radiopresidenteibanez.cl\/web\/wp-json\/wp\/v2\/tags?post=4030"}],"curies":[{"name":"wp","href":"https:\/\/api.w.org\/{rel}","templated":true}]}}