{"id":40260,"date":"2023-06-06T17:13:00","date_gmt":"2023-06-06T20:13:00","guid":{"rendered":"https:\/\/www.radiopresidenteibanez.cl\/web\/?p=40260"},"modified":"2023-06-06T15:44:00","modified_gmt":"2023-06-06T18:44:00","slug":"reinsercion-de-jovenes-se-vera-beneficiada-porprimer-convenio-suscrito-entre-fosis-y-sename","status":"publish","type":"post","link":"https:\/\/www.radiopresidenteibanez.cl\/web\/reinsercion-de-jovenes-se-vera-beneficiada-porprimer-convenio-suscrito-entre-fosis-y-sename\/","title":{"rendered":"REINSERCI\u00d3N DE J\u00d3VENES SE VER\u00c1 BENEFICIADA PORPRIMER CONVENIO SUSCRITO ENTRE FOSIS Y SENAME"},"content":{"rendered":"\n<p>Con la intenci\u00f3n de sumar esfuerzos para poder ayudar a j\u00f3venes con escasa red de apoyo<br>familiar, y generar instancias que \u00e9stos puedan integrarse efectivamente a la sociedad tras cumplir<br>una medida cautelar, el Servicio Nacional de Menores (SENAME), como instituci\u00f3n dependiente<br>del Ministerio de Justicia y Derechos Humanos, suscribi\u00f3 un convenio de colaboraci\u00f3n con el<br>Fondo de Solidaridad e Inversi\u00f3n Social (FOSIS), servicio relacionado al Ministerio de Desarrollo<br>Social y Familia, en dependencias de la Caja de Compensaci\u00f3n La Araucana.<br>La ceremonia cont\u00f3 con la presencia de la Seremi de Justicia y Derechos Humanos, Michelle Peutat<br>Alvarado, el Director Regional del FOSIS, Felipe Jeria Palma, y la Directora Regional del SENAME,<br>Ruth Aburto Vallejos. Esta nueva herramienta de trabajo interinstitucional se enfocar\u00e1 en<br>desarrollar acciones conjuntas en beneficio de j\u00f3venes que se encuentran sujetos a medidas y\/o<br>sanciones reguladas en la Ley N\u00b0 20.084 (de Responsabilidad Penal Adolescente), as\u00ed como a sus<br>respectivos grupos familiares.<br>Acerca de esta alianza con SENAME, que podr\u00eda dar acceso a j\u00f3venes infractores a herramientas<br>de autogesti\u00f3n, el Director Regional del FOSIS, Felipe Jeria, destac\u00f3 en primera instancia el poder<br>conocer las necesidades de usuarios (as) de la red SENAME, de manera de establecer las distintas<br>actividades que podr\u00edan encauzar como servicios y que vayan a favorecer de alguna manera la<br>reinserci\u00f3n de personas j\u00f3venes sujetas a alguna medida o sanci\u00f3n de acuerdo a la Ley de<br>Responsabilidad Penal Adolescente (RPA). \u201cEn ese sentido, creemos que el FOSIS y el SENAME<br>puedan trabajar, por ejemplo, en programas de emprendimiento o de habilitaci\u00f3n social, que nos<br>permite de alguna manera instalar capacidades y habilidades. Esto, ya que de alguna manera<br>necesitan de mayores herramientas para su reinserci\u00f3n en la sociedad, de forma tal que no<br>vuelvan, por supuesto, a cometer alg\u00fan tipo de actividad que las encauce nuevamente a sanciones<br>de car\u00e1cter penal\u201d.<br>Igualmente, contenta de aliarse como servicio para empezar a trabajar coordinadamente en<br>conjunto con la poblaci\u00f3n joven que participa en sus programas, se mostr\u00f3 la Directora Regional<br>del SENAME, Ruth Aburto: \u201cLa importancia de este convenio radica principalmente en robustecer<br>la oferta que se brinda para facilitar la reinserci\u00f3n social juvenil. Es importante considerar que el<br>SENAME transita hacia un nuevo Servicio Nacional de Reinserci\u00f3n Social Juvenil, por lo tanto, para<\/p>\n\n\n\n<p>que sea efectiva esta reinserci\u00f3n es necesario que otros actores del intersector tambi\u00e9n se hagan<br>parte, por lo tanto, la coordinaci\u00f3n interinstitucional viene a colaborar con esto\u201d.<br>Si bien en Magallanes funciona el Centro de Justicia Juvenil (CIP-CRC-CSC) de R\u00edo de los Ciervos,<br>\u00e9ste cuenta hoy s\u00f3lo con cinco usuarios: dos j\u00f3venes en r\u00e9gimen cerrado, dos en internaci\u00f3n<br>provisoria y uno en r\u00e9gimen semi cerrado. Por ende, el convenio estar\u00eda m\u00e1s bien pensado para<br>llegar a fortalecer otras capacidades en aquellos j\u00f3venes que est\u00e1n en el medio libre, que<br>concentra la mayor poblaci\u00f3n beneficiaria, con 43 j\u00f3venes.<br>Para la Seremi Michelle Peutat, este convenio es sumamente importante, al mostrar un trabajo<br>intersectorial y un compromiso del Estado en su conjunto en materia de reinserci\u00f3n social juvenil,<br>y en especial por su caracter\u00edstica de dedicarse y abocarse a aquellos j\u00f3venes que cumplen<br>sanciones penales en el medio libre: \u201cEfectivamente, dada la disminuci\u00f3n tambi\u00e9n de j\u00f3venes que<br>hemos tenido en estos centros est\u00e1n cumpliendo menores sanciones, participando en algunos<br>programas, tambi\u00e9n requieren el apoyo para poder desarrollar una vida plena, y por supuesto no<br>volver tampoco a reincidir en algunas faltas o delitos a la Ley de RPA\u201d.<br>Esta novedosa herramienta que integra al FOSIS en un trabajo intersectorial con SENAME, se suma<br>a otra similar en el \u00e1mbito de Justicia, como su alianza con Gendarmer\u00eda de Chile, en que focalizan<br>un programa espec\u00edfico en beneficio de 15 personas privadas de libertad (\u201cEmprendamos<br>Gendarmer\u00eda\u201d), con la idea de entregar mejores herramientas para que cuando cumplan sus<br>condenas puedan tener su emprendimiento propio.<\/p>\n","protected":false},"excerpt":{"rendered":"<p>Con la intenci\u00f3n de sumar esfuerzos para poder ayudar a j\u00f3venes con escasa red de apoyofamiliar, y generar instancias que \u00e9stos puedan integrarse efectivamente a la sociedad tras cumpliruna medida&#8230; <a class=\"read-more\" href=\"https:\/\/www.radiopresidenteibanez.cl\/web\/reinsercion-de-jovenes-se-vera-beneficiada-porprimer-convenio-suscrito-entre-fosis-y-sename\/\">Leer m\u00e1s<\/a><\/p>\n","protected":false},"author":2,"featured_media":40261,"comment_status":"closed","ping_status":"closed","sticky":false,"template":"","format":"standard","meta":{"footnotes":""},"categories":[1],"tags":[],"class_list":["post-40260","post","type-post","status-publish","format-standard","has-post-thumbnail","hentry","category-cronica"],"_links":{"self":[{"href":"https:\/\/www.radiopresidenteibanez.cl\/web\/wp-json\/wp\/v2\/posts\/40260","targetHints":{"allow":["GET"]}}],"collection":[{"href":"https:\/\/www.radiopresidenteibanez.cl\/web\/wp-json\/wp\/v2\/posts"}],"about":[{"href":"https:\/\/www.radiopresidenteibanez.cl\/web\/wp-json\/wp\/v2\/types\/post"}],"author":[{"embeddable":true,"href":"https:\/\/www.radiopresidenteibanez.cl\/web\/wp-json\/wp\/v2\/users\/2"}],"replies":[{"embeddable":true,"href":"https:\/\/www.radiopresidenteibanez.cl\/web\/wp-json\/wp\/v2\/comments?post=40260"}],"version-history":[{"count":0,"href":"https:\/\/www.radiopresidenteibanez.cl\/web\/wp-json\/wp\/v2\/posts\/40260\/revisions"}],"wp:featuredmedia":[{"embeddable":true,"href":"https:\/\/www.radiopresidenteibanez.cl\/web\/wp-json\/wp\/v2\/media\/40261"}],"wp:attachment":[{"href":"https:\/\/www.radiopresidenteibanez.cl\/web\/wp-json\/wp\/v2\/media?parent=40260"}],"wp:term":[{"taxonomy":"category","embeddable":true,"href":"https:\/\/www.radiopresidenteibanez.cl\/web\/wp-json\/wp\/v2\/categories?post=40260"},{"taxonomy":"post_tag","embeddable":true,"href":"https:\/\/www.radiopresidenteibanez.cl\/web\/wp-json\/wp\/v2\/tags?post=40260"}],"curies":[{"name":"wp","href":"https:\/\/api.w.org\/{rel}","templated":true}]}}