{"id":40227,"date":"2023-06-05T17:10:00","date_gmt":"2023-06-05T20:10:00","guid":{"rendered":"https:\/\/www.radiopresidenteibanez.cl\/web\/?p=40227"},"modified":"2023-06-05T15:16:48","modified_gmt":"2023-06-05T18:16:48","slug":"reforzando-intercambio-de-experiencias-y-buenas-practicas-se-desarrollo-jornadaregional-del-programa-especial-de-salud-y-pueblos-indigenas-pespi","status":"publish","type":"post","link":"https:\/\/www.radiopresidenteibanez.cl\/web\/reforzando-intercambio-de-experiencias-y-buenas-practicas-se-desarrollo-jornadaregional-del-programa-especial-de-salud-y-pueblos-indigenas-pespi\/","title":{"rendered":"REFORZANDO INTERCAMBIO DE EXPERIENCIAS Y BUENAS PR\u00c1CTICAS SE DESARROLL\u00d3 JORNADAREGIONAL DEL PROGRAMA ESPECIAL DE SALUD Y PUEBLOS INDIGENAS (PESPI)"},"content":{"rendered":"\n<p>Con la participaci\u00f3n de facilitadoras, agentes interculturales y equipos cl\u00ednicos de los<br>establecimientos pertenecientes a la Red Asistencial del Servicio de Salud Magallanes y,<br>representantes de pueblos ind\u00edgenas, se desarroll\u00f3 una nueva Jornada Regional del Programa<br>Especial de Salud y Pueblos Ind\u00edgenas (PESPI), la que fue coordinada por el Servicio de Salud y<br>SEREMI de Salud Magallanes.<br>La actividad, cuyo objetivo fue potenciar la articulaci\u00f3n del programa, visualizando los avances y el<br>planteamiento de nuevos desaf\u00edos; consider\u00f3 la presentaci\u00f3n \u2013 por parte de los equipos &#8211; de las<br>acciones realizadas durante el 2022, hitos en pandemia y la programaci\u00f3n 2023, potenciando las<br>buenas pr\u00e1cticas y el intercambio de experiencias.<br>Consultada la directora del Servicio de Salud Magallanes, Ver\u00f3nica Y\u00e1\u00f1ez Gonz\u00e1lez, por la<br>realizaci\u00f3n de esta jornada, se\u00f1al\u00f3 que, \u201cfue muy satisfactoria, porque contamos con participaci\u00f3n<br>de los equipos cl\u00ednicos que se desempe\u00f1an vinculados a los pueblos originarios en los<br>establecimientos de atenci\u00f3n primaria y hospitales comunitarios de nuestra Red Asistencial, as\u00ed<br>como las facilitadoras interculturales que ejercen funciones en dichos establecimientos; este fue<br>un trabajo conjunto entre SEREMI y Servicio de Salud Magallanes, que antes se realizaba todos los<br>a\u00f1os, pero fue pospuesto por motivos de pandemia y la anterior se celebr\u00f3 el a\u00f1o 2019. Reitero<br>que ha sido muy gratificante retomar esta instancia de conversaci\u00f3n y di\u00e1logo, permitiendo a<br>nuestros equipos de salud intercultural compartir experiencias y avances en la articulaci\u00f3n del<br>programa, y de igual forma presentar los desaf\u00edos, acciones y programaci\u00f3n para el presente a\u00f1o\u201d,<br>indic\u00f3 la autoridad de salud.<br>La Seremi de Salud, Francisca Sanfuentes, resalt\u00f3 la importancia de retomar este tipo de<br>encuentros de manera presencial despu\u00e9s de un par de a\u00f1os donde no se pudieron realizar por<br>pandemia, manifestando que en la regi\u00f3n la participaci\u00f3n de las facilitadoras interculturales y los<br>representantes de los pueblos ind\u00edgenas ha sido fundamentales para fortalecer la red de salud. A<br>trav\u00e9s de un trabajo mancomunado con los equipos se ha potenciado la participaci\u00f3n y<br>colaboraci\u00f3n, promoviendo una atenci\u00f3n m\u00e1s cercana y con enfoque intercultural. Como<br>Gobierno y Ministerio de Salud tenemos el convencimiento que la salud con pertinencia cultural es<br>un elemento fundamental para avanzar en una mejor salud.<br>Por su parte, Valentina M\u00e9ndez Inostroza, referente t\u00e9cnico Programa Especial de Salud y Pueblo<br>Ind\u00edgenas PESPI del Servicio de Salud, coment\u00f3 que efectivamente los funcionarios\/as llegaron<br>desde Puerto Natales, Porvenir Y Puerto Williams, adem\u00e1s de Punta Arenas; \u201cComo se\u00f1alaba<br>nuestra directora, la pandemia puso en pausa o ralentiz\u00f3 muchas cosas, siendo el programa una<br>de ellas, por lo que ahora vislumbramos el trabajo que se desarroll\u00f3 al respecto, c\u00f3mo fueron las<br>reestructuraciones que ellas tuvieron que hacer para llegar a todos sus usuarios, en t\u00e9rminos de<br>conocimientos y personales, para continuar con esta labor de agentes medicinales, interculturales<br>y facilitadoras en contexto pandemia\u201d, indic\u00f3 la profesional.<br>El programa PESPI impulsado por el Ministerio de Salud tiene por objetivo que la poblaci\u00f3n<br>ind\u00edgena de Magallanes \u2013 tanto rural como urbana \u2013 mejore su situaci\u00f3n de salud a trav\u00e9s de<br>estrategias que faciliten el acceso a una atenci\u00f3n adecuada, oportuna y de calidad, respetando,<br>reconociendo y protegiendo los sistemas de salud de los pueblos originarios.<\/p>\n","protected":false},"excerpt":{"rendered":"<p>Con la participaci\u00f3n de facilitadoras, agentes interculturales y equipos cl\u00ednicos de losestablecimientos pertenecientes a la Red Asistencial del Servicio de Salud Magallanes y,representantes de pueblos ind\u00edgenas, se desarroll\u00f3 una nueva&#8230; <a class=\"read-more\" href=\"https:\/\/www.radiopresidenteibanez.cl\/web\/reforzando-intercambio-de-experiencias-y-buenas-practicas-se-desarrollo-jornadaregional-del-programa-especial-de-salud-y-pueblos-indigenas-pespi\/\">Leer m\u00e1s<\/a><\/p>\n","protected":false},"author":2,"featured_media":40228,"comment_status":"closed","ping_status":"closed","sticky":false,"template":"","format":"standard","meta":{"footnotes":""},"categories":[1],"tags":[],"class_list":["post-40227","post","type-post","status-publish","format-standard","has-post-thumbnail","hentry","category-cronica"],"_links":{"self":[{"href":"https:\/\/www.radiopresidenteibanez.cl\/web\/wp-json\/wp\/v2\/posts\/40227","targetHints":{"allow":["GET"]}}],"collection":[{"href":"https:\/\/www.radiopresidenteibanez.cl\/web\/wp-json\/wp\/v2\/posts"}],"about":[{"href":"https:\/\/www.radiopresidenteibanez.cl\/web\/wp-json\/wp\/v2\/types\/post"}],"author":[{"embeddable":true,"href":"https:\/\/www.radiopresidenteibanez.cl\/web\/wp-json\/wp\/v2\/users\/2"}],"replies":[{"embeddable":true,"href":"https:\/\/www.radiopresidenteibanez.cl\/web\/wp-json\/wp\/v2\/comments?post=40227"}],"version-history":[{"count":0,"href":"https:\/\/www.radiopresidenteibanez.cl\/web\/wp-json\/wp\/v2\/posts\/40227\/revisions"}],"wp:featuredmedia":[{"embeddable":true,"href":"https:\/\/www.radiopresidenteibanez.cl\/web\/wp-json\/wp\/v2\/media\/40228"}],"wp:attachment":[{"href":"https:\/\/www.radiopresidenteibanez.cl\/web\/wp-json\/wp\/v2\/media?parent=40227"}],"wp:term":[{"taxonomy":"category","embeddable":true,"href":"https:\/\/www.radiopresidenteibanez.cl\/web\/wp-json\/wp\/v2\/categories?post=40227"},{"taxonomy":"post_tag","embeddable":true,"href":"https:\/\/www.radiopresidenteibanez.cl\/web\/wp-json\/wp\/v2\/tags?post=40227"}],"curies":[{"name":"wp","href":"https:\/\/api.w.org\/{rel}","templated":true}]}}