{"id":40224,"date":"2023-06-05T15:47:00","date_gmt":"2023-06-05T18:47:00","guid":{"rendered":"https:\/\/www.radiopresidenteibanez.cl\/web\/?p=40224"},"modified":"2023-06-05T15:09:03","modified_gmt":"2023-06-05T18:09:03","slug":"adultos-mayores-de-porvenir-vivieron-una-emotiva-jornada-de-turismo-patrimonial","status":"publish","type":"post","link":"https:\/\/www.radiopresidenteibanez.cl\/web\/adultos-mayores-de-porvenir-vivieron-una-emotiva-jornada-de-turismo-patrimonial\/","title":{"rendered":"ADULTOS MAYORES DE PORVENIR VIVIERON UNA EMOTIVA JORNADA DE TURISMO PATRIMONIAL"},"content":{"rendered":"\n<p>Un recorrido por lugares emblem\u00e1ticos del patrimonio fueguino, relatos de vivencias de los<br>participantes, m\u00fasica y recomendaciones de salud, fueron algunas de las actividades que el<br>pasado mi\u00e9rcoles realizaron en Porvenir usuarios\/as del Centro Diurno Comunitario de Adultos<br>Mayores y del Programa de Cuidados Domiciliarios de la Delegaci\u00f3n Provincial de Tierra del<br>Fuego, iniciativa cultural gestada por la Unidad de Vinculaci\u00f3n con el Medio e Innovaci\u00f3n del<br>Centro Formaci\u00f3n T\u00e9cnica de Magallanes y la Ant\u00e1rtica Chilena (CFT de Magallanes) y<br>ejecutada por estudiantes de la casa regional de estudios t\u00e9cnicos.<br>Guiados por estudiantes de la carrera t\u00e9cnica de Ecoturismo y Sustentabilidad, las y los<br>participantes dieron un paseo por el museo comunal y el antiguo cine de Porvenir, instancia<br>que dio pie a que surgieran relatos en primera persona de antiguos habitantes, quienes no<br>s\u00f3lo recordaron con fotograf\u00edas o locaciones historias del pasado, sino que tambi\u00e9n revivieron<br>experiencias personales de sus primeros a\u00f1os de vida.<br>Sobre la actividad se refiri\u00f3 Jos\u00e9 Miguel Campos Prieto, director acad\u00e9mico del CFT de<br>Magallanes, quien explic\u00f3 que el origen de la iniciativa tiene relaci\u00f3n con el plan de vinculaci\u00f3n<br>con el medio (VCM) que cada carrera tiene. \u201cCuando nosotros hablamos de vinculaci\u00f3n con el<br>medio, hablamos fundamentalmente de bidireccionalidad, eso quiere decir que la comunidad<br>sea beneficiada y que nuestros\/as estudiantes se vean tambi\u00e9n beneficiados, y en este caso en<br>particular, nos quisimos adherir a al mes del patrimonio y sumamos a nuestros\/as estudiantes<br>de Ecoturismo quienes hicieron un tour a nuestros adultos mayores de la comuna\u201d.<br>Relev\u00f3 que este tipo de actividades da la oportunidad a usuarios\/as de estos programas a vivir<br>el turismo local, y de igual manera, permite a las y los estudiantes practicar, prepararse y<br>mostrarle la ciudad a las y los adultos mayores, adem\u00e1s de retroalimentarse directamente en<br>terreno.<br>Quien valor\u00f3 la experiencia fue Anah\u00ed Arteaga Arrizaga, coordinadora del Programa de<br>Cuidados Domiciliarios, que adem\u00e1s de agradecer la organizaci\u00f3n de estas actividades, destac\u00f3<br>la recepci\u00f3n que las y los usuarios tuvieron de la misma. \u201cFue s\u00faper bien recepcionada por los<br>adultos, ya que a ellos todo lo que sea patrimonio, historia de Porvenir les llama mucho la<br>atenci\u00f3n (\u2026) De hecho, fue super significativo porque algunos de nuestros adultos tambi\u00e9n<br>compartieron historias y vivencias de ellos en a\u00f1os anteriores, que fue s\u00faper emocionante, por<br>as\u00ed decirlo, porque ellos pudieron recordar, expresar ciertas vivencias y ciertas experiencias<br>que ten\u00edan a lo largo de la vida\u201d.<br>Mar\u00eda Teresa C\u00e1rdenas Oyarzo fue una de las gu\u00edas de la jornada, la estudiante de Ecoturismo<br>valor\u00f3 haber podido vivir la experiencia, y especialmente que fuera esta su primera salida a<br>terreno, acompa\u00f1ando a adultos\/as mayores de la capital fueguina.<br>\u201cPor primera vez nuestra gu\u00eda, una gu\u00eda tur\u00edstica, llevando a los adultos mayores al museo y al<br>cine, y ah\u00ed coment\u00e1ndoles la historia de cada lugar, los hitos m\u00e1s importantes y relevantes. Me<br>pareci\u00f3 una actividad bastante entretenida, fue muy did\u00e1ctica, ya que los adultos mayores que<br>nos acompa\u00f1aron manejaban mucha m\u00e1s informaci\u00f3n que nosotros en realidad, as\u00ed que fue<br>muy buena, y nos sirvi\u00f3 como retroalimentaci\u00f3n porque ellos nos ense\u00f1aron muchas cosas,<\/p>\n\n\n\n<p>tambi\u00e9n a nosotros y cosas que ellos tal vez no sab\u00edan o no recordaban nosotros se las hicimos<br>recordar\u201d, coment\u00f3 la futura t\u00e9cnica en Ecoturismo y Sustentabilidad.<br>Finalmente, el rector del CFT de Magallanes, Christian Quezada, sostuvo que \u201cla importancia<br>de la vinculaci\u00f3n con el medio en el contexto de las instituciones de educaci\u00f3n superior t\u00e9cnico<br>profesional, es cada vez m\u00e1s necesaria e indispensable, pues aspira a que exista coherencia<br>entre las demandas del entorno, las exigencias, los cambios y desaf\u00edos de la sociedad, entre<br>otros aspectos, con la formaci\u00f3n de los futuros t\u00e9cnicos y t\u00e9cnicas profesionales, y el<br>desarrollo de proyectos que contribuyan al desarrollo de la sociedad y sus territorios. Nuestro<br>CFT es una instituci\u00f3n abierta, donde todas y todos son invitados, Esta actividad con los<br>adultos mayores de Porvenir est\u00e1 en l\u00ednea con lo anterior y quienes tambi\u00e9n son parte de<br>nuestras acciones formativas\u201d.<br>Para terminar la jornada, las y los participantes fueron invitados a la sede del CFT en Porvenir,<br>lugar en que disfrutaron de la presentaci\u00f3n de la agrupaci\u00f3n folcl\u00f3rica Oro Fueguino,<br>recibieron adem\u00e1s recomendaciones de autocuidado de parte de estudiantes de la carrera<br>T\u00e9cnico\/a de Nivel Superior en Enfermer\u00eda, para concluir compartiendo un coctel aportado por<br>al Delegaci\u00f3n Provincial de Tierra del Fuego.<\/p>\n","protected":false},"excerpt":{"rendered":"<p>Un recorrido por lugares emblem\u00e1ticos del patrimonio fueguino, relatos de vivencias de losparticipantes, m\u00fasica y recomendaciones de salud, fueron algunas de las actividades que elpasado mi\u00e9rcoles realizaron en Porvenir usuarios\/as&#8230; <a class=\"read-more\" href=\"https:\/\/www.radiopresidenteibanez.cl\/web\/adultos-mayores-de-porvenir-vivieron-una-emotiva-jornada-de-turismo-patrimonial\/\">Leer m\u00e1s<\/a><\/p>\n","protected":false},"author":2,"featured_media":40225,"comment_status":"closed","ping_status":"closed","sticky":false,"template":"","format":"standard","meta":{"footnotes":""},"categories":[1],"tags":[],"class_list":["post-40224","post","type-post","status-publish","format-standard","has-post-thumbnail","hentry","category-cronica"],"_links":{"self":[{"href":"https:\/\/www.radiopresidenteibanez.cl\/web\/wp-json\/wp\/v2\/posts\/40224","targetHints":{"allow":["GET"]}}],"collection":[{"href":"https:\/\/www.radiopresidenteibanez.cl\/web\/wp-json\/wp\/v2\/posts"}],"about":[{"href":"https:\/\/www.radiopresidenteibanez.cl\/web\/wp-json\/wp\/v2\/types\/post"}],"author":[{"embeddable":true,"href":"https:\/\/www.radiopresidenteibanez.cl\/web\/wp-json\/wp\/v2\/users\/2"}],"replies":[{"embeddable":true,"href":"https:\/\/www.radiopresidenteibanez.cl\/web\/wp-json\/wp\/v2\/comments?post=40224"}],"version-history":[{"count":0,"href":"https:\/\/www.radiopresidenteibanez.cl\/web\/wp-json\/wp\/v2\/posts\/40224\/revisions"}],"wp:featuredmedia":[{"embeddable":true,"href":"https:\/\/www.radiopresidenteibanez.cl\/web\/wp-json\/wp\/v2\/media\/40225"}],"wp:attachment":[{"href":"https:\/\/www.radiopresidenteibanez.cl\/web\/wp-json\/wp\/v2\/media?parent=40224"}],"wp:term":[{"taxonomy":"category","embeddable":true,"href":"https:\/\/www.radiopresidenteibanez.cl\/web\/wp-json\/wp\/v2\/categories?post=40224"},{"taxonomy":"post_tag","embeddable":true,"href":"https:\/\/www.radiopresidenteibanez.cl\/web\/wp-json\/wp\/v2\/tags?post=40224"}],"curies":[{"name":"wp","href":"https:\/\/api.w.org\/{rel}","templated":true}]}}