{"id":40182,"date":"2023-06-02T12:33:00","date_gmt":"2023-06-02T15:33:00","guid":{"rendered":"https:\/\/www.radiopresidenteibanez.cl\/web\/?p=40182"},"modified":"2023-06-02T11:25:33","modified_gmt":"2023-06-02T14:25:33","slug":"alexis-vasquez-fernandez-asumio-la-subdireccion-de-gestion-y-desarrollo-de-las-personas-del-hospital-clinico-magallanes","status":"publish","type":"post","link":"https:\/\/www.radiopresidenteibanez.cl\/web\/alexis-vasquez-fernandez-asumio-la-subdireccion-de-gestion-y-desarrollo-de-las-personas-del-hospital-clinico-magallanes\/","title":{"rendered":"ALEXIS VASQUEZ FERNANDEZ ASUMIO LA SUBDIRECCION DE GESTION Y DESARROLLO DE LAS PERSONAS DEL HOSPITAL CLINICO MAGALLANES"},"content":{"rendered":"\n<p>Con m\u00e1s de 20 a\u00f1os de experiencia en la administraci\u00f3n, gesti\u00f3n e inversi\u00f3n p\u00fablica de la red<br>asistencial de salud en Chile, Alexis V\u00e1squez Fern\u00e1ndez, asumi\u00f3 como nuevo subdirector de<br>gesti\u00f3n y desarrollo de las personas del Hospital Cl\u00ednico de Magallanes. Su nombramiento se hizo<br>efectivo a partir del 01 de junio del 2023, luego de haber sido seleccionado entre m\u00e1s de 200<br>postulantes del cargo a trav\u00e9s de Empleos P\u00fablicos, proceso que inici\u00f3 el 23 de febrero y culmin\u00f3<br>el 24 de mayo de 2023.<br>\u201cEl enfoque de la gesti\u00f3n y desarrollo de las personas est\u00e1 en contribuir con la gesti\u00f3n del hospital<br>poniendo especial \u00e9nfasis en nuestros colaboradores, su desarrollo y mantenci\u00f3n del talento<br>interno. De igual manera, la idea es articular y trabajar activamente con los dirigentes gremiales<br>del HCM\u201d, declar\u00f3 V\u00e1squez.<br>Se\u00f1alar que el nuevo subdirector es ingeniero en planificaci\u00f3n y desarrollo social, Mag\u00edster en<br>Salud P\u00fablica con menci\u00f3n en gesti\u00f3n hospitalaria de la Universidad de Valpara\u00edso y docente en<br>postgrado de la Universidad Mayor. Asimismo, posee diversos diplomados en gerencia y pol\u00edticas<br>p\u00fablicas de la Universidad de Concepci\u00f3n y de gesti\u00f3n e innovaci\u00f3n p\u00fablica de la Universidad de<br>Chile.<br>Hace m\u00e1s de 3 a\u00f1os que ejerce en la Regi\u00f3n de Magallanes y la Ant\u00e1rtica Chilena,<br>desempa\u00f1\u00e1ndose en el Hospital de Puerto Natales Dr. Augusto Essmann Burgos y el Servicio de<br>Salud Magallanes.<\/p>\n\n\n\n<p>Finalmente, el director del HCM, Ricardo Contreras Fa\u00fandez destac\u00f3 la incorporaci\u00f3n de Alexis en<br>la dotaci\u00f3n del Hospital y agradeci\u00f3 el trabajo y compromiso de Eva Mu\u00f1oz en el tiempo que<br>estuvo a cargo de la subdirecci\u00f3n de gesti\u00f3n y desarrollo de las personas de la instituci\u00f3n.<\/p>\n","protected":false},"excerpt":{"rendered":"<p>Con m\u00e1s de 20 a\u00f1os de experiencia en la administraci\u00f3n, gesti\u00f3n e inversi\u00f3n p\u00fablica de la redasistencial de salud en Chile, Alexis V\u00e1squez Fern\u00e1ndez, asumi\u00f3 como nuevo subdirector degesti\u00f3n y&#8230; <a class=\"read-more\" href=\"https:\/\/www.radiopresidenteibanez.cl\/web\/alexis-vasquez-fernandez-asumio-la-subdireccion-de-gestion-y-desarrollo-de-las-personas-del-hospital-clinico-magallanes\/\">Leer m\u00e1s<\/a><\/p>\n","protected":false},"author":2,"featured_media":40183,"comment_status":"closed","ping_status":"closed","sticky":false,"template":"","format":"standard","meta":{"footnotes":""},"categories":[1],"tags":[],"class_list":["post-40182","post","type-post","status-publish","format-standard","has-post-thumbnail","hentry","category-cronica"],"_links":{"self":[{"href":"https:\/\/www.radiopresidenteibanez.cl\/web\/wp-json\/wp\/v2\/posts\/40182","targetHints":{"allow":["GET"]}}],"collection":[{"href":"https:\/\/www.radiopresidenteibanez.cl\/web\/wp-json\/wp\/v2\/posts"}],"about":[{"href":"https:\/\/www.radiopresidenteibanez.cl\/web\/wp-json\/wp\/v2\/types\/post"}],"author":[{"embeddable":true,"href":"https:\/\/www.radiopresidenteibanez.cl\/web\/wp-json\/wp\/v2\/users\/2"}],"replies":[{"embeddable":true,"href":"https:\/\/www.radiopresidenteibanez.cl\/web\/wp-json\/wp\/v2\/comments?post=40182"}],"version-history":[{"count":0,"href":"https:\/\/www.radiopresidenteibanez.cl\/web\/wp-json\/wp\/v2\/posts\/40182\/revisions"}],"wp:featuredmedia":[{"embeddable":true,"href":"https:\/\/www.radiopresidenteibanez.cl\/web\/wp-json\/wp\/v2\/media\/40183"}],"wp:attachment":[{"href":"https:\/\/www.radiopresidenteibanez.cl\/web\/wp-json\/wp\/v2\/media?parent=40182"}],"wp:term":[{"taxonomy":"category","embeddable":true,"href":"https:\/\/www.radiopresidenteibanez.cl\/web\/wp-json\/wp\/v2\/categories?post=40182"},{"taxonomy":"post_tag","embeddable":true,"href":"https:\/\/www.radiopresidenteibanez.cl\/web\/wp-json\/wp\/v2\/tags?post=40182"}],"curies":[{"name":"wp","href":"https:\/\/api.w.org\/{rel}","templated":true}]}}