{"id":40173,"date":"2023-06-02T11:16:00","date_gmt":"2023-06-02T14:16:00","guid":{"rendered":"https:\/\/www.radiopresidenteibanez.cl\/web\/?p=40173"},"modified":"2023-06-02T08:52:58","modified_gmt":"2023-06-02T11:52:58","slug":"hospital-de-natales-da-la-bienvenida-a-dos-nuevos-medicos-que-reforzaran-servicio-de-pediatria-y-pabellon-quirurgico","status":"publish","type":"post","link":"https:\/\/www.radiopresidenteibanez.cl\/web\/hospital-de-natales-da-la-bienvenida-a-dos-nuevos-medicos-que-reforzaran-servicio-de-pediatria-y-pabellon-quirurgico\/","title":{"rendered":"HOSPITAL DE NATALES DA LA BIENVENIDA A DOS NUEVOS MEDICOS  QUE REFORZARAN SERVICIO DE PEDIATRIA Y PABELLON QUIRURGICO"},"content":{"rendered":"\n<p>Con el objetivo de abastecer y reforzar las prestaciones de salud en el Hospital<br>de Puerto Natales, dos m\u00e9dicos especialistas se integraron hoy a la red<br>asistencial y ya se encuentran en plena ejecuci\u00f3n de sus labores cl\u00ednicas.<br>Se trata del Dr. Rodrigo Pinto Vald\u00e9s, m\u00e9dico anestesista, el cual se adjudic\u00f3 el<br>concurso del cargo en contrato de 22\/28 hrs. y que desempe\u00f1ar\u00e1 funciones en<br>el pabell\u00f3n quir\u00fargico del establecimiento. De igual forma, la Dra. Valentina<br>N\u00fa\u00f1ez Ferreira, cumplir\u00e1 su periodo de asistencia obligatoria (PAO) en<br>contrato de 22\/28 hrs, quien desarrollar\u00e1 sus funciones en el Servicio de<br>Pediatr\u00eda.<br>Cabe destacar que, el Hospital Augusto Essmann Burgos de Puerto Natales ya<br>cuenta con 6 m\u00e9dicos anestesistas y 6 m\u00e9dicos pediatras en funci\u00f3n, lo cual<br>refleja el trabajo mancomunado con la finalidad de reforzar la red asistencial.<\/p>\n","protected":false},"excerpt":{"rendered":"<p>Con el objetivo de abastecer y reforzar las prestaciones de salud en el Hospitalde Puerto Natales, dos m\u00e9dicos especialistas se integraron hoy a la redasistencial y ya se encuentran en&#8230; <a class=\"read-more\" href=\"https:\/\/www.radiopresidenteibanez.cl\/web\/hospital-de-natales-da-la-bienvenida-a-dos-nuevos-medicos-que-reforzaran-servicio-de-pediatria-y-pabellon-quirurgico\/\">Leer m\u00e1s<\/a><\/p>\n","protected":false},"author":2,"featured_media":40175,"comment_status":"closed","ping_status":"closed","sticky":false,"template":"","format":"standard","meta":{"footnotes":""},"categories":[1],"tags":[],"class_list":["post-40173","post","type-post","status-publish","format-standard","has-post-thumbnail","hentry","category-cronica"],"_links":{"self":[{"href":"https:\/\/www.radiopresidenteibanez.cl\/web\/wp-json\/wp\/v2\/posts\/40173","targetHints":{"allow":["GET"]}}],"collection":[{"href":"https:\/\/www.radiopresidenteibanez.cl\/web\/wp-json\/wp\/v2\/posts"}],"about":[{"href":"https:\/\/www.radiopresidenteibanez.cl\/web\/wp-json\/wp\/v2\/types\/post"}],"author":[{"embeddable":true,"href":"https:\/\/www.radiopresidenteibanez.cl\/web\/wp-json\/wp\/v2\/users\/2"}],"replies":[{"embeddable":true,"href":"https:\/\/www.radiopresidenteibanez.cl\/web\/wp-json\/wp\/v2\/comments?post=40173"}],"version-history":[{"count":0,"href":"https:\/\/www.radiopresidenteibanez.cl\/web\/wp-json\/wp\/v2\/posts\/40173\/revisions"}],"wp:featuredmedia":[{"embeddable":true,"href":"https:\/\/www.radiopresidenteibanez.cl\/web\/wp-json\/wp\/v2\/media\/40175"}],"wp:attachment":[{"href":"https:\/\/www.radiopresidenteibanez.cl\/web\/wp-json\/wp\/v2\/media?parent=40173"}],"wp:term":[{"taxonomy":"category","embeddable":true,"href":"https:\/\/www.radiopresidenteibanez.cl\/web\/wp-json\/wp\/v2\/categories?post=40173"},{"taxonomy":"post_tag","embeddable":true,"href":"https:\/\/www.radiopresidenteibanez.cl\/web\/wp-json\/wp\/v2\/tags?post=40173"}],"curies":[{"name":"wp","href":"https:\/\/api.w.org\/{rel}","templated":true}]}}