{"id":40170,"date":"2023-06-02T10:40:00","date_gmt":"2023-06-02T13:40:00","guid":{"rendered":"https:\/\/www.radiopresidenteibanez.cl\/web\/?p=40170"},"modified":"2023-06-02T08:48:33","modified_gmt":"2023-06-02T11:48:33","slug":"continua-el-proceso-de-devolucion-de-la-actualizaciondel-plan-de-igualdad-por-parte-de-la-seremi-de-la-mujer","status":"publish","type":"post","link":"https:\/\/www.radiopresidenteibanez.cl\/web\/continua-el-proceso-de-devolucion-de-la-actualizaciondel-plan-de-igualdad-por-parte-de-la-seremi-de-la-mujer\/","title":{"rendered":"CONTIN\u00daA EL PROCESO DE DEVOLUCI\u00d3N DE LA ACTUALIZACI\u00d3NDEL PLAN DE IGUALDAD POR PARTE DE LA SEREMI DE LA MUJER"},"content":{"rendered":"\n<p>Durante la jornada del mi\u00e9rcoles, en la biblioteca Pierre Chili se dieron a conocer los resultados de la Actualizaci\u00f3n del Plan de Igualdad. La actividad fue encabezada por la Seremi de la Mujer y la Equidad de<br>G\u00e9nero, Alejandra Ruiz Ovando, y asistieron la Delegada Presidencial Provincial de Ant\u00e1rtica Chilena Mar\u00eda Luisa Mu\u00f1oz Manquemilla y representantes de las organizaciones de mujeres que ya hab\u00edan sido parte del proceso iniciado en 2022.<br>Debe recordarse que la actualizaci\u00f3n del Plan Igualdad resulta de un proceso de revisi\u00f3n de \u00e9ste, con el fin de incorporar nuevas metas e indicadores, as\u00ed como nuevos actores, diversidades y grupos de poblaci\u00f3n que no hab\u00edan sido incorporados en el Plan inicial.<br>La Seremi de la Mujer y Equidad de G\u00e9nero, se reuni\u00f3 con las representantes de diversas organizaciones e instituciones de Puerto Williams, mujeres no organizadas y disidencias, con quienes comparti\u00f3 las<br>metas finales del Plan, las que surgieron de los propios encuentros regionales, que se realizaron en las provincias de \u00daltima Esperanza, Tierra del Fuego, Magallanes y Ant\u00e1rtica Chilena.<br>La seremi Alejandra Ruiz destac\u00f3 la importancia de concretar esta segunda etapa del Plan, que cumple el objetivo de avanzar en la transversalizaci\u00f3n de g\u00e9nero y disminuir las brechas. \u201cTuvimos la<br>participaci\u00f3n de muchas mujeres de diversas organizaciones de la comuna de Cabo de Hornos, y realizamos una jornada de devoluci\u00f3n de lo que se hab\u00eda recogido a lo largo de todo el pa\u00eds sobre las priorizaciones y compromisos que deber\u00edamos tener como Estado, para de aqu\u00ed al 2030 avanzar en equidad e igualdad\u201d.<br>En tanto la Delegada Presidencial Mar\u00eda Luisa Mu\u00f1oz Manquemilla, destac\u00f3 \u201cla importancia de esta jornada para que la comunidad conozca c\u00f3mo qued\u00f3 el documento que considera las brechas de<br>g\u00e9nero con el diagn\u00f3stico correspondiente, y considerando todos lo aspectos m\u00e1s complicados, especialmente, para una localidad como Puerto Williams. Esta devoluci\u00f3n involucra las necesidades a nivel territorial y las particularidades y diversidades que existen en el<br>territorio.\u201d<br>La seremi Alejandra Ruiz reiter\u00f3 los agradecimientos, destacando la importancia que tuvo la participaci\u00f3n de las mujeres de diferentes sectores de la regi\u00f3n y las invit\u00f3 a seguir siendo parte de la implementaci\u00f3n del Plan de Igualdad, para abordar mediante el fortalecimiento de las pol\u00edticas p\u00fablicas, las principales brechas de g\u00e9nero, garantizar la autonom\u00eda y el ejercicio pleno de los derechos humanos de todas las mujeres y ni\u00f1as.<br>Este viernes a partir de las 18 horas se replicar\u00e1 esta actividad en Punta Arenas, con las organizaciones locales, en el auditorio de la Seremi de Salud Magallanes, Avenida Bulnes 0136 (Edificio Bioclim\u00e1tico).<br>Otra actividad realizada por la Seremi de la Mujer en Puerto Williams fue la capacitaci\u00f3n para funcionarios p\u00fablicos en Primera Atenci\u00f3n para mujeres que viven violencia, donde participaron cerca de 20 personas, quienes recibieron informaci\u00f3n relevante sobre c\u00f3mo actuar en caso de detectar que una usuaria ha sufrido violencia de g\u00e9nero.<\/p>\n","protected":false},"excerpt":{"rendered":"<p>Durante la jornada del mi\u00e9rcoles, en la biblioteca Pierre Chili se dieron a conocer los resultados de la Actualizaci\u00f3n del Plan de Igualdad. La actividad fue encabezada por la Seremi&#8230; <a class=\"read-more\" href=\"https:\/\/www.radiopresidenteibanez.cl\/web\/continua-el-proceso-de-devolucion-de-la-actualizaciondel-plan-de-igualdad-por-parte-de-la-seremi-de-la-mujer\/\">Leer m\u00e1s<\/a><\/p>\n","protected":false},"author":2,"featured_media":40171,"comment_status":"closed","ping_status":"closed","sticky":false,"template":"","format":"standard","meta":{"footnotes":""},"categories":[1],"tags":[],"class_list":["post-40170","post","type-post","status-publish","format-standard","has-post-thumbnail","hentry","category-cronica"],"_links":{"self":[{"href":"https:\/\/www.radiopresidenteibanez.cl\/web\/wp-json\/wp\/v2\/posts\/40170","targetHints":{"allow":["GET"]}}],"collection":[{"href":"https:\/\/www.radiopresidenteibanez.cl\/web\/wp-json\/wp\/v2\/posts"}],"about":[{"href":"https:\/\/www.radiopresidenteibanez.cl\/web\/wp-json\/wp\/v2\/types\/post"}],"author":[{"embeddable":true,"href":"https:\/\/www.radiopresidenteibanez.cl\/web\/wp-json\/wp\/v2\/users\/2"}],"replies":[{"embeddable":true,"href":"https:\/\/www.radiopresidenteibanez.cl\/web\/wp-json\/wp\/v2\/comments?post=40170"}],"version-history":[{"count":0,"href":"https:\/\/www.radiopresidenteibanez.cl\/web\/wp-json\/wp\/v2\/posts\/40170\/revisions"}],"wp:featuredmedia":[{"embeddable":true,"href":"https:\/\/www.radiopresidenteibanez.cl\/web\/wp-json\/wp\/v2\/media\/40171"}],"wp:attachment":[{"href":"https:\/\/www.radiopresidenteibanez.cl\/web\/wp-json\/wp\/v2\/media?parent=40170"}],"wp:term":[{"taxonomy":"category","embeddable":true,"href":"https:\/\/www.radiopresidenteibanez.cl\/web\/wp-json\/wp\/v2\/categories?post=40170"},{"taxonomy":"post_tag","embeddable":true,"href":"https:\/\/www.radiopresidenteibanez.cl\/web\/wp-json\/wp\/v2\/tags?post=40170"}],"curies":[{"name":"wp","href":"https:\/\/api.w.org\/{rel}","templated":true}]}}