{"id":4017,"date":"2019-05-08T16:18:34","date_gmt":"2019-05-08T16:18:34","guid":{"rendered":"http:\/\/www.radiopresidenteibanez.cl\/web\/?p=4017"},"modified":"2019-05-08T16:18:42","modified_gmt":"2019-05-08T16:18:42","slug":"consejeros-regionales-reiteran-preocupacion-por-proyectos-planta-tratamiento-aguas-servidas-puerto-williams-y-construccion-de-compuertas-en-la-costanera-que-permitan-desague-del-rio-las-minas-al-estre","status":"publish","type":"post","link":"https:\/\/www.radiopresidenteibanez.cl\/web\/consejeros-regionales-reiteran-preocupacion-por-proyectos-planta-tratamiento-aguas-servidas-puerto-williams-y-construccion-de-compuertas-en-la-costanera-que-permitan-desague-del-rio-las-minas-al-estre\/","title":{"rendered":"CONSEJEROS REGIONALES REITERAN PREOCUPACI\u00d3N POR PROYECTOS PLANTA TRATAMIENTO AGUAS SERVIDAS PUERTO WILLIAMS Y CONSTRUCCI\u00d3N DE COMPUERTAS EN LA COSTANERA QUE PERMITAN DESAG\u00dcE DEL R\u00cdO LAS MINAS AL ESTRECHO"},"content":{"rendered":"\n<p>En la Sesi\u00f3n Plenaria N\u00b011 del CORE efectuada este lunes,\nel director de Obras Hidr\u00e1ulicas (DOH), Jorge Martinic, acogiendo inquietudes\nplanteadas por los Consejeros Regionales, efectu\u00f3 una presentaci\u00f3n referida a\nla situaci\u00f3n actual del proyecto Planta de Tratamiento de Aguas Servidas Puerto\nWilliams y al Plan de contingencia en caso de un nuevo desborde del R\u00edo Las\nMinas. <\/p>\n\n\n\n<p>En relaci\u00f3n al primer tema, Martinic, explic\u00f3 que existe\nun Convenio entre el Gobierno Regional y la Direccion de Obras Hidr\u00e1ulicos\n(DOH) para la ejecuci\u00f3n del proyecto \u201cInstalaci\u00f3n sistema de tratamiento de aguas\nservidas y mejoramiento sistema de alcantarillado de Puerto Williams\u201d, sin\nembargo una vez concluido el dise\u00f1o, Contralor\u00eda determin\u00f3 que no corresponde a\nesta direcci\u00f3n ejecutar proyectos en zonas urbanas sino a Vialidad. <\/p>\n\n\n\n<p>No obstante lo anterior, el director de la DOH intent\u00f3\ndar respuestas a las interrogantes planteadas de manera especial por los\nconsejeros de la provincia Ant\u00e1rtica, &nbsp;quienes\nen reiteradas oportunidades han expresado su preocupaci\u00f3n por este proyecto\naprobado el a\u00f1o 2015 que se encuentra entrabado a medio camino con las\nconsecuencias medioambientales y de salud que ello implica.&nbsp; <\/p>\n\n\n\n<p>\u201cLa iniciativa est\u00e1 en ejecuci\u00f3n y corresponde a tres\nplantas elevadoras y un colector principal ubicado en la costanera al cual\nllegar\u00edan las aguas servidas para trasladarlas a una planta de tratamiento. Sin\nembargo, dicha planta est\u00e1 ubicada un kil\u00f3metro fuera de Puerto Williams y el\nproyecto de Vialidad no consideraba ese tramo por tanto hoy es la Direccion de Planificaci\u00f3n\ny Desarrollo del Gobierno Regional quienes est\u00e1n evaluando como se ejecutar\u00e1 el\ntramo pendiente\u201d, detall\u00f3 <\/p>\n\n\n\n<p>En relaci\u00f3n al segundo tema, Martinic, explic\u00f3 que existe\nun Plan de contingencia ante un potencial desborde del R\u00edo Las Minas a cargo de\nla Onemi y en el marco de dicho plan la DOH tiene injerencia en dos puntos, uno\npreventivo que se relaciona con realizar limpiezas peri\u00f3dicas en el cauce y otro\nrelacionado al desarrollo de las defensas fluviales. \u201cEstamos trabajando de\nacuerdo al Estudio de Mejoramiento Integral del R\u00edo Las Minas que contempla principalmente\nobras de control de sedimento para evitar desbordes en los puentes\u201d, afirm\u00f3. <\/p>\n\n\n\n<p>Los Consejeros Regionales, valoraron la presentaci\u00f3n\nefectuada por el director de la DOH pero de igual forma reiteraron la necesidad\nde concretar el proyecto presentado a\u00f1os atr\u00e1s al CORE que propon\u00eda la construcci\u00f3n\nde compuertas que en caso de una nueva emergencia permitan el paso de las aguas\ndel r\u00edo al Estrecho, materia que no estar\u00eda contemplada en los proyectos en\nejecuci\u00f3n. <\/p>\n\n\n\n<p>En ese sentido el consejero, Alejandro Kusanovic,\nmanifest\u00f3 \u201ces un tema que preocupa ya que la inundaci\u00f3n del a\u00f1o 2012 se\nmultiplic\u00f3 tres o cuatro veces debido a que la costanera paso a ser un dique que\nimpidi\u00f3 el curso natural del agua y eso puede ocurrir &nbsp;en cualquier momento por m\u00e1s que se intente\ncontrolar\u201d.<\/p>\n\n\n\n<p>Asimismo el consejero, Antonio R\u00edspoli, coment\u00f3 \u201chay un\nproyecto aprobado p que propone un sistema de compuertas. Aqu\u00ed estuvo el\ningeniero, Fernando Harambour, present\u00e1ndolo. Si hay una inundaci\u00f3n, no importa\nlo mucho que mejoremos el cauce del r\u00edo o los puentes, el agua no tiene por\ndonde desembocar ya que choca con la costanera y vuelve hacia las calles, antes\neso no pasaba y llegaba directo al mar pero al construir la costanera no se contempl\u00f3\nesta situaci\u00f3n\u201d. <\/p>\n\n\n\n<p>Finalmente el consejero, Miguel Sierpe, manifest\u00f3 \u201cdebemos\nhacer esta pregunta a quienes puedan responder y corresponder\u00eda al Intendente y\nal seremi de Obras P\u00fablicas dar dicha una respuesta. La exposici\u00f3n ha sido muy\nclara y los proyectos no contemplan las compuertas en la costanera y si nos\ndicen que de acuerdo a los estudios no es necesario, alguien debe responder a\nello\u201d, concluy\u00f3. <\/p>\n\n\n\n<p>De acuerdo a\u00a0 la informaci\u00f3n entregada por la DOH, a la fecha han ejecutado un total de ocho proyectos los cuales corresponden principalmente a obras de conservaci\u00f3n de las riberas del Rio Las Minas, canalizaci\u00f3n, muros de contenci\u00f3n y protecci\u00f3n del lecho con radier de hormig\u00f3n. \u00a0Las iniciativas representan una inversi\u00f3n a la fecha que supera los 7 mil millones de pesos, \u00a0de los cuales 3.894 millones corresponden a fondos sectoriales y 3.114 a recursos regionales, FNDR, \u00a0en el marco del\u00a0 Plan de Zonas Extremas. <\/p>\n\n\n\n<figure class=\"wp-block-image\"><img loading=\"lazy\" decoding=\"async\" width=\"900\" height=\"600\" src=\"https:\/\/www.radiopresidenteibanez.cl\/web\/wp-content\/uploads\/2019\/05\/1.jpg\" alt=\"\" class=\"wp-image-4018\" srcset=\"https:\/\/www.radiopresidenteibanez.cl\/web\/wp-content\/uploads\/2019\/05\/1.jpg 900w, https:\/\/www.radiopresidenteibanez.cl\/web\/wp-content\/uploads\/2019\/05\/1-300x200.jpg 300w, https:\/\/www.radiopresidenteibanez.cl\/web\/wp-content\/uploads\/2019\/05\/1-768x512.jpg 768w\" sizes=\"auto, (max-width: 900px) 100vw, 900px\" \/><\/figure>\n","protected":false},"excerpt":{"rendered":"<p>En la Sesi\u00f3n Plenaria N\u00b011 del CORE efectuada este lunes, el director de Obras Hidr\u00e1ulicas (DOH), Jorge Martinic, acogiendo inquietudes planteadas por los Consejeros Regionales, efectu\u00f3 una presentaci\u00f3n referida a&#8230; <a class=\"read-more\" href=\"https:\/\/www.radiopresidenteibanez.cl\/web\/consejeros-regionales-reiteran-preocupacion-por-proyectos-planta-tratamiento-aguas-servidas-puerto-williams-y-construccion-de-compuertas-en-la-costanera-que-permitan-desague-del-rio-las-minas-al-estre\/\">Leer m\u00e1s<\/a><\/p>\n","protected":false},"author":2,"featured_media":4018,"comment_status":"closed","ping_status":"closed","sticky":false,"template":"","format":"standard","meta":{"footnotes":""},"categories":[1],"tags":[],"class_list":["post-4017","post","type-post","status-publish","format-standard","has-post-thumbnail","hentry","category-cronica"],"_links":{"self":[{"href":"https:\/\/www.radiopresidenteibanez.cl\/web\/wp-json\/wp\/v2\/posts\/4017","targetHints":{"allow":["GET"]}}],"collection":[{"href":"https:\/\/www.radiopresidenteibanez.cl\/web\/wp-json\/wp\/v2\/posts"}],"about":[{"href":"https:\/\/www.radiopresidenteibanez.cl\/web\/wp-json\/wp\/v2\/types\/post"}],"author":[{"embeddable":true,"href":"https:\/\/www.radiopresidenteibanez.cl\/web\/wp-json\/wp\/v2\/users\/2"}],"replies":[{"embeddable":true,"href":"https:\/\/www.radiopresidenteibanez.cl\/web\/wp-json\/wp\/v2\/comments?post=4017"}],"version-history":[{"count":0,"href":"https:\/\/www.radiopresidenteibanez.cl\/web\/wp-json\/wp\/v2\/posts\/4017\/revisions"}],"wp:featuredmedia":[{"embeddable":true,"href":"https:\/\/www.radiopresidenteibanez.cl\/web\/wp-json\/wp\/v2\/media\/4018"}],"wp:attachment":[{"href":"https:\/\/www.radiopresidenteibanez.cl\/web\/wp-json\/wp\/v2\/media?parent=4017"}],"wp:term":[{"taxonomy":"category","embeddable":true,"href":"https:\/\/www.radiopresidenteibanez.cl\/web\/wp-json\/wp\/v2\/categories?post=4017"},{"taxonomy":"post_tag","embeddable":true,"href":"https:\/\/www.radiopresidenteibanez.cl\/web\/wp-json\/wp\/v2\/tags?post=4017"}],"curies":[{"name":"wp","href":"https:\/\/api.w.org\/{rel}","templated":true}]}}