{"id":40159,"date":"2023-06-01T19:13:00","date_gmt":"2023-06-01T22:13:00","guid":{"rendered":"https:\/\/www.radiopresidenteibanez.cl\/web\/?p=40159"},"modified":"2023-06-01T13:00:33","modified_gmt":"2023-06-01T16:00:33","slug":"personas-mayores-y-derechos-humanos-un-compromiso-transversal-de-la-gestion-publica","status":"publish","type":"post","link":"https:\/\/www.radiopresidenteibanez.cl\/web\/personas-mayores-y-derechos-humanos-un-compromiso-transversal-de-la-gestion-publica\/","title":{"rendered":"PERSONAS MAYORES Y DERECHOS HUMANOS: UN COMPROMISO TRANSVERSAL DE LA GESTI\u00d3N P\u00daBLICA"},"content":{"rendered":"\n<p>Promover el envejecimiento positivo, impulsando el Sistema Nacional de Cuidados, resguardando<br>y promoviendo los derechos de las personas mayores de nuestro pa\u00eds, y su derecho a una vejez<br>digna. Tales lineamientos reafirman el car\u00e1cter prioritario que representa el segmento de los<br>adultos mayores para el actual gobierno, y que aqu\u00ed en Magallanes dio cabida a una positiva<br>experiencia, a trav\u00e9s del \u00abTaller para Facilitadores y Facilitadoras en Derechos Humanos de<br>Personas Mayores\u00bb, organizado por la Subsecretar\u00eda de Derechos Humanos, en coordinaci\u00f3n con<br>la Municipalidad de Punta Arenas, el Servicio Nacional del Adulto Mayor (Senama) y la Secretar\u00eda<br>Regional Ministerial de Justicia y Derechos Humanos.<br>Una treintena de dirigentes y dirigentas de organizaciones sociales y comunitarias de la tercera<br>edad llegaron hasta la Unidad del Adulto Mayor de la Municipalidad de Punta Arenas, para<br>participar de esta interactiva cita, que fue encabezada por la Seremi de Justicia y Derechos<br>Humanos, Michelle Peutat Alvarado; el Alcalde Claudio Radonich Jim\u00e9nez; y el Director Regional<br>de Senama, Nicol\u00e1s Soto C\u00e1rdenas.<br>Daniela Oliva Carrasco y Amanda Arratia Beniscelli, profesionales de la Subsecretar\u00eda de Derechos<br>Humanos, fueron las motivadoras de este taller comprometido en el Segundo Plan Nacional de<br>DD.HH. de aquella repartici\u00f3n del Ministerio de Justicia, siendo Magallanes por sus caracter\u00edsticas<br>la regi\u00f3n emblem\u00e1tica para iniciar este proceso de talleres, que se llevar\u00e1n a todas las regiones del<br>pa\u00eds.<br>Este di\u00e1logo con quienes lideran organizaciones de la tercera edad se dio en el marco de la<br>Convenci\u00f3n Interamericana sobre la Protecci\u00f3n de los Derechos Humanos de las Personas<br>Mayores, que Chile ratific\u00f3 en 2017. La instancia gir\u00f3 en torno a cu\u00e1les son sus derechos, qu\u00e9<br>entienden por buen trato y mal trato y c\u00f3mo poder elaborar o implementar acciones -desde las<br>mismas organizaciones como desde el Estado- para mejorar las condiciones y garantizar los<br>derechos de las personas mayores.<br>La tallerista Amanda Arratia mencion\u00f3 que al abordar el buen trato con los y las participantes, en<br>general los ejemplos van hacia el maltrato, en tanto la base del buen trato la asocian al respeto y<br>la empat\u00eda: \u201cel respeto hacia las personas mayores pero tambi\u00e9n hacia la sociedad en general, y la<br>empat\u00eda de poder comprender y entender las distintas caracter\u00edsticas de las personas mayores\u201d. El<\/p>\n\n\n\n<p>maltrato lo ejemplicaron cotidianamente con lo que se vive a nivel intrafamiliar, y tambi\u00e9n en el<br>plano externo como lo es la atenci\u00f3n que reciben en el sector p\u00fablico.<br>Como algo interesante, la profesional recogi\u00f3 como aspecto regional las condiciones clim\u00e1ticas, lo<br>que se traduce en encierro y soledad en las personas mayores, generando lejan\u00eda y distancia para<br>conversar con otras personas, e igual respecto a distintas prestaciones y a la garant\u00eda de sus<br>derechos, \u201centonces aqu\u00ed el clima es un factor determinante al momento de establecer medidas<br>en esa materia\u201d.<br>El Alcalde Claudio Radonich Jim\u00e9nez agradeci\u00f3 esta instancia junto a la SEREM\u00cdA de Justicia,<br>Senama y la Subsecretar\u00eda de DD.HH., para tomar conciencia de nuestros derechos, y los puedan<br>transmitir a todos sus socios y socias, siendo \u201cfinalmente los embajadores de esta informaci\u00f3n.<br>Hay un lado lindo que ustedes est\u00e1n viviendo de estar aqu\u00ed, ir a talleres, de la voz y el cantar, pero<br>hay un grupo de personas grandes que no lo pasan tan bien y que se sienten solos y<br>desamparados, y ah\u00ed estamos nosotros tambi\u00e9n\u201d.<br>La Seremi Michelle Peutat destac\u00f3 la importancia del taller, que cumple con un compromiso del<br>Estado en Derechos Humanos, de realizar iniciativas para promover y garantizar el respeto<br>irrestricto a los DD.HH. de las personas mayores. \u201cPor otra parte, nos invita tambi\u00e9n a trabajar<br>intersectorialmente en conjunto con otras instituciones, como en este caso Senama y la Oficina del<br>Adulto Mayor del municipio, donde estuvo tambi\u00e9n el alcalde mostrando a las personas mayores<br>que es una responsabilidad del Estado en su conjunto, no algo sectorial sino que un eje<br>absolutamente transversal de la gesti\u00f3n p\u00fablica\u201d.<br>Nicol\u00e1s Soto C\u00e1rdenas Director Regional de Senama, expres\u00f3 la importancia de la participaci\u00f3n<br>para ver c\u00f3mo mejorar la pol\u00edtica p\u00fablica, siendo los dirigentes sociales agentes fundamentales<br>para entregar herramientas y una orientaci\u00f3n fundamental a sus pares quienes est\u00e1n siendo<br>vulnerados, no solamente por la sociedad sino tambi\u00e9n por el mismo grupo familiar. Ante ello, les<br>inst\u00f3 a seguir participando y a seguir vincul\u00e1ndose con aquellas personas a las que les cuesta m\u00e1s<br>participar, para que se motiven y participen de estas instancias.<br>Entre quienes asistieron, Adolfina Miquio Espinoza, de Agrupaci\u00f3n Matriarcas Australes, valor\u00f3 el<br>aporte de la actividad, desde su trabajo como grupo de mujeres nacido en plena pandemia,<br>dedicadas a estudiar y ense\u00f1ar los derechos que el Estado firm\u00f3 en 2017, entre ellos la vivienda y<br>la salud. Y dentro de la salud reivindican los derechos sexuales del adulto mayor, pues \u201cexiste el<br>apetito sexual en el adulto mayor, no somos asexuados y necesitamos un ginec\u00f3logo geriatra para<br>ver los problemas con una persona que sabes que te va a entender\u201d.<br>Jos\u00e9 Mart\u00ednez Mella, Presidente del Club de Danzas Folcl\u00f3ricas Pa\u00f1uelos al Viento, resalt\u00f3 que el<br>Estado se preocupe de las personas mayores y de entregarles algunas soluciones: \u201cla mayor\u00eda de<br>nosotros busca el respeto hacia nosotros en el buen trato, se traduce que seamos bienvenidos al<br>nivel de los servicios p\u00fablicos, que a veces te tratan mal o no te dan la soluci\u00f3n que realmente<\/p>\n\n\n\n<p>necesitas. Lo otro es salud, necesitamos la atenci\u00f3n sanitaria sea m\u00e1s expedita y de mejor<br>manera\u201d.<\/p>\n","protected":false},"excerpt":{"rendered":"<p>Promover el envejecimiento positivo, impulsando el Sistema Nacional de Cuidados, resguardandoy promoviendo los derechos de las personas mayores de nuestro pa\u00eds, y su derecho a una vejezdigna. Tales lineamientos reafirman&#8230; <a class=\"read-more\" href=\"https:\/\/www.radiopresidenteibanez.cl\/web\/personas-mayores-y-derechos-humanos-un-compromiso-transversal-de-la-gestion-publica\/\">Leer m\u00e1s<\/a><\/p>\n","protected":false},"author":2,"featured_media":40160,"comment_status":"closed","ping_status":"closed","sticky":false,"template":"","format":"standard","meta":{"footnotes":""},"categories":[1],"tags":[],"class_list":["post-40159","post","type-post","status-publish","format-standard","has-post-thumbnail","hentry","category-cronica"],"_links":{"self":[{"href":"https:\/\/www.radiopresidenteibanez.cl\/web\/wp-json\/wp\/v2\/posts\/40159","targetHints":{"allow":["GET"]}}],"collection":[{"href":"https:\/\/www.radiopresidenteibanez.cl\/web\/wp-json\/wp\/v2\/posts"}],"about":[{"href":"https:\/\/www.radiopresidenteibanez.cl\/web\/wp-json\/wp\/v2\/types\/post"}],"author":[{"embeddable":true,"href":"https:\/\/www.radiopresidenteibanez.cl\/web\/wp-json\/wp\/v2\/users\/2"}],"replies":[{"embeddable":true,"href":"https:\/\/www.radiopresidenteibanez.cl\/web\/wp-json\/wp\/v2\/comments?post=40159"}],"version-history":[{"count":0,"href":"https:\/\/www.radiopresidenteibanez.cl\/web\/wp-json\/wp\/v2\/posts\/40159\/revisions"}],"wp:featuredmedia":[{"embeddable":true,"href":"https:\/\/www.radiopresidenteibanez.cl\/web\/wp-json\/wp\/v2\/media\/40160"}],"wp:attachment":[{"href":"https:\/\/www.radiopresidenteibanez.cl\/web\/wp-json\/wp\/v2\/media?parent=40159"}],"wp:term":[{"taxonomy":"category","embeddable":true,"href":"https:\/\/www.radiopresidenteibanez.cl\/web\/wp-json\/wp\/v2\/categories?post=40159"},{"taxonomy":"post_tag","embeddable":true,"href":"https:\/\/www.radiopresidenteibanez.cl\/web\/wp-json\/wp\/v2\/tags?post=40159"}],"curies":[{"name":"wp","href":"https:\/\/api.w.org\/{rel}","templated":true}]}}