{"id":40113,"date":"2023-05-31T14:39:00","date_gmt":"2023-05-31T17:39:00","guid":{"rendered":"https:\/\/www.radiopresidenteibanez.cl\/web\/?p=40113"},"modified":"2023-05-31T16:24:25","modified_gmt":"2023-05-31T19:24:25","slug":"ultimos-dias-para-postular-a-la-feria-antartica-escolar-2023","status":"publish","type":"post","link":"https:\/\/www.radiopresidenteibanez.cl\/web\/ultimos-dias-para-postular-a-la-feria-antartica-escolar-2023\/","title":{"rendered":"\u00daLTIMOS D\u00cdAS PARA POSTULAR A LA FERIA ANT\u00c1RTICA ESCOLAR 2023"},"content":{"rendered":"\n<p>Solo faltan tres d\u00edas para que estudiantes de primero a tercero medio de todo el pa\u00eds env\u00eden sus propuestas de investigaci\u00f3n a la Feria Ant\u00e1rtica Escolar (FAE), que realiza el Instituto Ant\u00e1rtico Chileno (INACH). El env\u00edo de los trabajos cient\u00edficos ant\u00e1rticos puede hacerse hasta el viernes 2 de junio a trav\u00e9s de la plataforma de la Feria (<a href=\"https:\/\/www.inach.cl\/fae\/\" target=\"_blank\" rel=\"noreferrer noopener\"><strong>www.inach.cl\/fae\/<\/strong><\/a>), que estar\u00e1 disponible hasta las 23:59 horas de la Regi\u00f3n de Magallanes y de la Ant\u00e1rtica Chilena, y las 22:59 horas de Chile continental.<\/p>\n\n\n\n<p>La Feria Ant\u00e1rtica Escolar se llevar\u00e1 a cabo en agosto en Punta Arenas, donde los y las estudiantes presentar\u00e1n sus trabajos ante un jurado ciudadano y un jurado cient\u00edfico. Ser\u00e1n tres equipos los ganadores de la Feria en su vig\u00e9sima versi\u00f3n, cuyo premio ser\u00e1 visitar el Continente Blanco, espec\u00edficamente la base cient\u00edfica \u201cProfesor julio Escudero\u201d en isla Rey Jorge, donde compartir\u00e1n con investigadoras e investigadores del Programa Nacional de Ciencia Ant\u00e1rtica.<\/p>\n\n\n\n<p>Jessica Paredes, encargada de Educaci\u00f3n del INACH, subraya que la plataforma que se implement\u00f3 es la \u00fanica v\u00eda oficial que tienen los y las estudiantes y docentes para participar de este concurso. \u201cEstamos buscando que estudiantes de ense\u00f1anza media de todo Chile puedan conocer sobre ciencia ant\u00e1rtica y nos ayuden a ir \u2018antartizando\u2019 de alguna manera las comunidades donde ellos viven y que se puedan convertir en embajadores del pr\u00edstino continente en sus localidades\u201d, coment\u00f3 Paredes.<\/p>\n\n\n\n<p>El INACH es un organismo t\u00e9cnico del Ministerio de Relaciones Exteriores con plena autonom\u00eda en todo lo relacionado con asuntos ant\u00e1rticos de car\u00e1cter cient\u00edfico, tecnol\u00f3gico y de difusi\u00f3n. El INACH cumple con la Pol\u00edtica Ant\u00e1rtica Nacional incentivando el desarrollo de la investigaci\u00f3n de excelencia, participando efectivamente en el Sistema del Tratado Ant\u00e1rtico y foros relacionados, fortaleciendo a Magallanes como puerta de entrada al Continente Blanco y realizando acciones de divulgaci\u00f3n del conocimiento ant\u00e1rtico en la ciudadan\u00eda.<\/p>\n","protected":false},"excerpt":{"rendered":"<p>Solo faltan tres d\u00edas para que estudiantes de primero a tercero medio de todo el pa\u00eds env\u00eden sus propuestas de investigaci\u00f3n a la Feria Ant\u00e1rtica Escolar (FAE), que realiza el&#8230; <a class=\"read-more\" href=\"https:\/\/www.radiopresidenteibanez.cl\/web\/ultimos-dias-para-postular-a-la-feria-antartica-escolar-2023\/\">Leer m\u00e1s<\/a><\/p>\n","protected":false},"author":2,"featured_media":40114,"comment_status":"closed","ping_status":"closed","sticky":false,"template":"","format":"standard","meta":{"footnotes":""},"categories":[1],"tags":[],"class_list":["post-40113","post","type-post","status-publish","format-standard","has-post-thumbnail","hentry","category-cronica"],"_links":{"self":[{"href":"https:\/\/www.radiopresidenteibanez.cl\/web\/wp-json\/wp\/v2\/posts\/40113","targetHints":{"allow":["GET"]}}],"collection":[{"href":"https:\/\/www.radiopresidenteibanez.cl\/web\/wp-json\/wp\/v2\/posts"}],"about":[{"href":"https:\/\/www.radiopresidenteibanez.cl\/web\/wp-json\/wp\/v2\/types\/post"}],"author":[{"embeddable":true,"href":"https:\/\/www.radiopresidenteibanez.cl\/web\/wp-json\/wp\/v2\/users\/2"}],"replies":[{"embeddable":true,"href":"https:\/\/www.radiopresidenteibanez.cl\/web\/wp-json\/wp\/v2\/comments?post=40113"}],"version-history":[{"count":0,"href":"https:\/\/www.radiopresidenteibanez.cl\/web\/wp-json\/wp\/v2\/posts\/40113\/revisions"}],"wp:featuredmedia":[{"embeddable":true,"href":"https:\/\/www.radiopresidenteibanez.cl\/web\/wp-json\/wp\/v2\/media\/40114"}],"wp:attachment":[{"href":"https:\/\/www.radiopresidenteibanez.cl\/web\/wp-json\/wp\/v2\/media?parent=40113"}],"wp:term":[{"taxonomy":"category","embeddable":true,"href":"https:\/\/www.radiopresidenteibanez.cl\/web\/wp-json\/wp\/v2\/categories?post=40113"},{"taxonomy":"post_tag","embeddable":true,"href":"https:\/\/www.radiopresidenteibanez.cl\/web\/wp-json\/wp\/v2\/tags?post=40113"}],"curies":[{"name":"wp","href":"https:\/\/api.w.org\/{rel}","templated":true}]}}