{"id":4008,"date":"2019-05-08T15:03:47","date_gmt":"2019-05-08T15:03:47","guid":{"rendered":"http:\/\/www.radiopresidenteibanez.cl\/web\/?p=4008"},"modified":"2019-05-08T15:04:06","modified_gmt":"2019-05-08T15:04:06","slug":"pace-umag-desarrolla-talleres-charlas-y-proyectos-participativos","status":"publish","type":"post","link":"https:\/\/www.radiopresidenteibanez.cl\/web\/pace-umag-desarrolla-talleres-charlas-y-proyectos-participativos\/","title":{"rendered":"PACE UMAG DESARROLLA TALLERES, CHARLAS Y PROYECTOS PARTICIPATIVOS"},"content":{"rendered":"\n<p>Durante los meses de abril y mayo, la\nCoordinadora Ejecutiva del Programa de Acompa\u00f1amiento y Acceso Efectivo a la\nEducaci\u00f3n Superior en la Universidad de Magallanes, Dra. Carmen Paz Oval Soto,\ninici\u00f3 el proceso de charlas a los estudiantes de tercero y cuarto medio de los\nliceos adheridos al PACE. <\/p>\n\n\n\n<p>Las charlas se centraron en explicar en qu\u00e9\nconsiste el programa, el cual otorga el derecho efectivo a la educaci\u00f3n\nsuperior a los estudiantes talentosos en los liceos m\u00e1s vulnerables del pa\u00eds y\ngarantiza un cupo en las carreras de las instituciones que sean parte del\nprograma, realizando acompa\u00f1amiento tanto acad\u00e9mico como psicosocial durante\ntercero y cuarto medio y en el primer a\u00f1o de educaci\u00f3n superior.<\/p>\n\n\n\n<p>Por su parte, los facilitadores del programa\niniciaron los talleres de la estrategia Preparaci\u00f3n para la Ense\u00f1anza Media\n(PEM) y Orientaci\u00f3n Vocacional y el equipo de Acompa\u00f1amiento en la Educaci\u00f3n\nSuperior (AES) comenz\u00f3 a reunirse con los estudiantes PACE de la tres\ngeneraciones.<\/p>\n\n\n\n<p>Otra actividad importante del programa son los\nProyectos Participativos que son elaborados por los establecimientos\neducacionales. Estos comenzaron en el mes de abril con el Liceo Gabriela\nMistral de Puerto Natales. En este contexto se realiz\u00f3 la visita del 4to medio\nLiceo Donald Mc Intyre Griffits de Puerto Williams, quienes recibieron las charlas\nde admisi\u00f3n y de la Escuela Tecnol\u00f3gica de la UMAG, visitaron el\nestablecimiento con la finalidad de conocer su oferta acad\u00e9mica y aclararon sus\ndudas sobre los cupos PACE 2020. <\/p>\n\n\n\n<p>Frente a esto, el profesor Roberto V\u00e1squez, quien\nacompa\u00f1\u00f3 a los estudiantes en su visita a Punta Arenas, se\u00f1al\u00f3 que \u201ces una\nbuena experiencia para ellos, porque est\u00e1n conociendo las carreras\nprofesionales y t\u00e9cnicas que ofrece la UMAG y as\u00ed pueden ampliar un poco el\ncampo de la visi\u00f3n que ellos pueden tener al salir de cuarto medio y as\u00ed aclarar\nlas dudas que tienen al postular. Ellos estaban muy ansiosos de llegar y han\nestado muy c\u00f3modos durante la visita\u201d. <\/p>\n\n\n\n<p>El alumno Matias Ram\u00edrez expres\u00f3 que \u201cha sido\nmuy bueno para m\u00ed, porque saber c\u00f3mo postular al PACE y conocer la UMAG ha sido\nuna excelente experiencia, ya que es una de mis opciones estudiar enfermer\u00eda o\nmedicina en esta Universidad\u201d. <\/p>\n\n\n\n<p>Por su parte, la alumna Javiera Pe\u00f1a sostuvo\nque \u201cme interesa estudiar medicina por el cupo PACE, creo que es una\noportunidad s\u00faper buena por el esfuerzo que se hace durante la ense\u00f1anza media,\nlo cual se ve reflejado en el proceso para ingresar a la Universidad y me\ngustar\u00eda poder tener un cupo PACE\u201d. <\/p>\n\n\n\n<p>El mi\u00e9rcoles 8 y jueves 9 de mayo, es el turno de los alumnos de los terceros y cuartos medios del Liceo Industrial Armando Quezada Achar\u00e1n, quienes conocer\u00e1n oferta acad\u00e9mica de la UMAG en el marco del Proyecto Participativo 2018. <\/p>\n\n\n\n<figure class=\"wp-block-image\"><img loading=\"lazy\" decoding=\"async\" width=\"960\" height=\"720\" src=\"https:\/\/www.radiopresidenteibanez.cl\/web\/wp-content\/uploads\/2019\/05\/58574589_848520402168013_3579733418763616256_n.jpg\" alt=\"\" class=\"wp-image-4009\" srcset=\"https:\/\/www.radiopresidenteibanez.cl\/web\/wp-content\/uploads\/2019\/05\/58574589_848520402168013_3579733418763616256_n.jpg 960w, https:\/\/www.radiopresidenteibanez.cl\/web\/wp-content\/uploads\/2019\/05\/58574589_848520402168013_3579733418763616256_n-300x225.jpg 300w, https:\/\/www.radiopresidenteibanez.cl\/web\/wp-content\/uploads\/2019\/05\/58574589_848520402168013_3579733418763616256_n-768x576.jpg 768w\" sizes=\"auto, (max-width: 960px) 100vw, 960px\" \/><\/figure>\n","protected":false},"excerpt":{"rendered":"<p>Durante los meses de abril y mayo, la Coordinadora Ejecutiva del Programa de Acompa\u00f1amiento y Acceso Efectivo a la Educaci\u00f3n Superior en la Universidad de Magallanes, Dra. Carmen Paz Oval&#8230; <a class=\"read-more\" href=\"https:\/\/www.radiopresidenteibanez.cl\/web\/pace-umag-desarrolla-talleres-charlas-y-proyectos-participativos\/\">Leer m\u00e1s<\/a><\/p>\n","protected":false},"author":2,"featured_media":4009,"comment_status":"closed","ping_status":"closed","sticky":false,"template":"","format":"standard","meta":{"footnotes":""},"categories":[1],"tags":[],"class_list":["post-4008","post","type-post","status-publish","format-standard","has-post-thumbnail","hentry","category-cronica"],"_links":{"self":[{"href":"https:\/\/www.radiopresidenteibanez.cl\/web\/wp-json\/wp\/v2\/posts\/4008","targetHints":{"allow":["GET"]}}],"collection":[{"href":"https:\/\/www.radiopresidenteibanez.cl\/web\/wp-json\/wp\/v2\/posts"}],"about":[{"href":"https:\/\/www.radiopresidenteibanez.cl\/web\/wp-json\/wp\/v2\/types\/post"}],"author":[{"embeddable":true,"href":"https:\/\/www.radiopresidenteibanez.cl\/web\/wp-json\/wp\/v2\/users\/2"}],"replies":[{"embeddable":true,"href":"https:\/\/www.radiopresidenteibanez.cl\/web\/wp-json\/wp\/v2\/comments?post=4008"}],"version-history":[{"count":0,"href":"https:\/\/www.radiopresidenteibanez.cl\/web\/wp-json\/wp\/v2\/posts\/4008\/revisions"}],"wp:featuredmedia":[{"embeddable":true,"href":"https:\/\/www.radiopresidenteibanez.cl\/web\/wp-json\/wp\/v2\/media\/4009"}],"wp:attachment":[{"href":"https:\/\/www.radiopresidenteibanez.cl\/web\/wp-json\/wp\/v2\/media?parent=4008"}],"wp:term":[{"taxonomy":"category","embeddable":true,"href":"https:\/\/www.radiopresidenteibanez.cl\/web\/wp-json\/wp\/v2\/categories?post=4008"},{"taxonomy":"post_tag","embeddable":true,"href":"https:\/\/www.radiopresidenteibanez.cl\/web\/wp-json\/wp\/v2\/tags?post=4008"}],"curies":[{"name":"wp","href":"https:\/\/api.w.org\/{rel}","templated":true}]}}