{"id":40064,"date":"2023-05-30T08:27:51","date_gmt":"2023-05-30T11:27:51","guid":{"rendered":"https:\/\/www.radiopresidenteibanez.cl\/web\/?p=40064"},"modified":"2023-05-30T08:28:17","modified_gmt":"2023-05-30T11:28:17","slug":"oscar-barrientos-y-paola-vezzani-ingresan-a-la-academia-chilena-de-la-lengua-y-de-bellas-artes","status":"publish","type":"post","link":"https:\/\/www.radiopresidenteibanez.cl\/web\/oscar-barrientos-y-paola-vezzani-ingresan-a-la-academia-chilena-de-la-lengua-y-de-bellas-artes\/","title":{"rendered":"OSCAR BARRIENTOS Y PAOLA VEZZANI INGRESAN  A LA ACADEMIA CHILENA DE LA LENGUA Y DE BELLAS ARTES"},"content":{"rendered":"\n<p>La ceremonia estuvo dividida en dos bloques: El primero de ellos, la sesi\u00f3n solemne de la Academia Chilena de la Lengua, presidida por su&nbsp;director, Dr.&nbsp;Guillermo Soto Vergara, quien indic\u00f3 que para \u00e9l era un honor realizar esta actividad en la Regi\u00f3n de Magallanes y poder incorporar a un intelectual tan destacado como Oscar Barrientos. Soto estuvo acompa\u00f1ado por su vicedirectora, la periodista Patricia Stambuk y por el historiador Joaqu\u00edn Fermandois, presidente del Instituto de Chile.<\/p>\n\n\n\n<p>Fermandois agradeci\u00f3 el patrocinio de la Universidad de Magallanes para llevar a cabo esta actividad, manifestando que \u201ctambi\u00e9n tenemos la misi\u00f3n de demostrar que el Instituto de Chile no es una creaci\u00f3n santiaguina, sino es algo nacional, y que la idea es hacer de cada regi\u00f3n un centro y no hay ning\u00fan centro sin artes, sin letras y sin ciencias, as\u00ed que feliz de poder recibir a dos puntarenenses como miembros de dos academias del Instituto\u201d.<\/p>\n\n\n\n<p>La encargada de dar la bienvenida al escritor magall\u00e1nico y adem\u00e1s acad\u00e9mico de la UMAG, fue la periodista Patricia Stambuk, quien destac\u00f3 la primera novela del escritor \u201cEl Viento es un lugar que se fue\u201d donde el personaje principal, el poeta An\u00edbal Saratoga sale al mundo en b\u00fasqueda de los secretos de los bramadores por territorios y mares dist\u00f3picos. \u201cLos nombres de esos vientos danzan silenciosos entre los p\u00e1rrafos de este escritor que hoy recibiremos con mucho agrado como miembro correspondiente por Punta Arenas, la capital mundial de los vientos, en la Academia Chilena de la Lengua\u201d indic\u00f3 la tambi\u00e9n escritora.<\/p>\n\n\n\n<p>En su discurso Barrientos agradeci\u00f3 a la Academia Chilena de la Lengua el alto honor que le otorgaban y expres\u00f3: \u201cDe alguna manera siento que, como buen marinero en tierra, con vocaci\u00f3n de pirata, estoy a bordo de un nav\u00edo que est\u00e1 llamado a recorrer los m\u00e1s insondables mares literarios para arribar siempre a la patria del idioma, el genuino pa\u00eds de un escritor\u201d, expres\u00f3.<\/p>\n\n\n\n<p>Posterior a su discurso y como parte del rito de incorporaci\u00f3n se le hizo entrega de un diploma y una insignia&nbsp;y se le invit\u00f3 a integrar la mesa en se\u00f1al de su incorporaci\u00f3n.<\/p>\n\n\n\n<p><strong>Obras con identidad regional<\/strong><\/p>\n\n\n\n<p>Durante el segundo bloque se llev\u00f3 a cabo la sesi\u00f3n de la Academia Chilena de Bellas Artes la que estuvo encabezada por su presidenta, Silvia Westermann, quien estuvo acompa\u00f1ada por el presidente del Instituto de Chile, Joaqu\u00edn Fermandois y donde se le dio la bienvenida a la escultora Paola Vezzani<\/p>\n\n\n\n<p>Westermann dio el discurso de bienvenida de la pintora y escultora magall\u00e1nica, a qui\u00e9n catalog\u00f3&nbsp; como una creadora excepcional quien ha dejado una huella&nbsp; indeleble en el mundo de la cultura y del arte en la ciudad de Punta Arenas. \u201cPaola es una escultora talentosa, que ha creado obras de arte inspiradoras y emotivas que han sido reconocidas tanto a nivel nacional como internacional. Sus obras son un reflejo sobre la vida y la identidad de esta regi\u00f3n. Sus esculturas capturan la esencia de la naturaleza sus colores, texturas y sus formas haci\u00e9ndonos reflexionar sobre nuestra relaci\u00f3n con ella (\u2026) Hoy s\u00f3lo puedo decir gracias Paola Vezzani por todo lo que nos has dado, das y dar\u00e1s\u201d, precis\u00f3.<\/p>\n\n\n\n<p>En su discurso de incorporaci\u00f3n, en tanto, la artista expres\u00f3 sentir un indesmentible orgullo de haber nacido en esta tierra, a su vez que realiz\u00f3 un recorrido por su obra. Dijo que, como artista, la seduc\u00eda la naturaleza, el paisaje y las m\u00faltiples relaciones que se pueden armar desde la experiencia, por ejemplo, al caminar por los bosques o navegar por los canales, \u201cmejor a\u00fan -a\u00f1adi\u00f3- si esa infinita curiosidad puede verse satisfecha por la respuesta de un investigador en el terreno mismo\u201d, manifestando que \u201cme siento afortunada de poder trabajar hace m\u00e1s de 15 a\u00f1os con cient\u00edficos, ya que ha sido un encuentro que ha ido modificando mi mirada al mundo\u201d.&nbsp;<\/p>\n\n\n\n<p>Finalmente, Vezzani indic\u00f3 que para ella era un tremendo honor, y que recib\u00eda esta investidura con mucha humildad. \u201cEste es un reconocimiento a la gente con talento que estaba en la regi\u00f3n, porque no estoy sola. Hay mucha gente con much\u00edsimo talento que vive ac\u00e1 , que trabajamos con los temas locales y que llevamos en el coraz\u00f3n nuestra tierra. Probablemente yo sea la primera en Bellas Artes, pero seguramente vendr\u00e1n muchos m\u00e1s\u201d, recalc\u00f3.<\/p>\n\n\n\n<p>Posterior a esto, Vezzani recibi\u00f3 el diploma que acredita su incorporaci\u00f3n a la Academia Chilena de Bellas Artes de manos de Silvia Westermann, quien la invit\u00f3 a tomar asiento en la testera y dar t\u00e9rmino a la sesi\u00f3n.<\/p>\n\n\n\n<p><strong>Contribuci\u00f3n a las letras y las artes<\/strong><\/p>\n\n\n\n<p>La actividad concluy\u00f3 con una palabras del alcalde de Punta Arenas Claudio Radonich Jim\u00e9nez y con un breve discurso del rector de la Universidad de Magallanes, Dr. Jos\u00e9 Maripani Maripani, quien destac\u00f3 la importancia que tienen las academias para el rescate de la ciencias y las artes.<\/p>\n\n\n\n<p>\u201cFelicitamos la investidura del escritor Oscar Barrientos a la Academia Chilena de Lengua su talento y contribuci\u00f3n a la literatura chilena son dignos de admiraci\u00f3n y un merecido reconocimiento a su trayectoria y de su excelencia literaria. Tambi\u00e9n congratulamos a la escultora Paola Vezzani por su incorporaci\u00f3n a la Academia Chilena de Bellas Artes, su talento art\u00edstico y su pasi\u00f3n por las artes ya que han dejado huella en la escena cultural de nuestra regi\u00f3n, su ingreso a la academia es un honor y refuerza el compromiso de nuestra instituci\u00f3n con el arte y la promoci\u00f3n de los talentos nacionales\u201d, concluy\u00f3 el rector.<\/p>\n","protected":false},"excerpt":{"rendered":"<p>La ceremonia estuvo dividida en dos bloques: El primero de ellos, la sesi\u00f3n solemne de la Academia Chilena de la Lengua, presidida por su&nbsp;director, Dr.&nbsp;Guillermo Soto Vergara, quien indic\u00f3 que&#8230; <a class=\"read-more\" href=\"https:\/\/www.radiopresidenteibanez.cl\/web\/oscar-barrientos-y-paola-vezzani-ingresan-a-la-academia-chilena-de-la-lengua-y-de-bellas-artes\/\">Leer m\u00e1s<\/a><\/p>\n","protected":false},"author":2,"featured_media":40065,"comment_status":"closed","ping_status":"closed","sticky":false,"template":"","format":"standard","meta":{"footnotes":""},"categories":[1],"tags":[],"class_list":["post-40064","post","type-post","status-publish","format-standard","has-post-thumbnail","hentry","category-cronica"],"_links":{"self":[{"href":"https:\/\/www.radiopresidenteibanez.cl\/web\/wp-json\/wp\/v2\/posts\/40064","targetHints":{"allow":["GET"]}}],"collection":[{"href":"https:\/\/www.radiopresidenteibanez.cl\/web\/wp-json\/wp\/v2\/posts"}],"about":[{"href":"https:\/\/www.radiopresidenteibanez.cl\/web\/wp-json\/wp\/v2\/types\/post"}],"author":[{"embeddable":true,"href":"https:\/\/www.radiopresidenteibanez.cl\/web\/wp-json\/wp\/v2\/users\/2"}],"replies":[{"embeddable":true,"href":"https:\/\/www.radiopresidenteibanez.cl\/web\/wp-json\/wp\/v2\/comments?post=40064"}],"version-history":[{"count":0,"href":"https:\/\/www.radiopresidenteibanez.cl\/web\/wp-json\/wp\/v2\/posts\/40064\/revisions"}],"wp:featuredmedia":[{"embeddable":true,"href":"https:\/\/www.radiopresidenteibanez.cl\/web\/wp-json\/wp\/v2\/media\/40065"}],"wp:attachment":[{"href":"https:\/\/www.radiopresidenteibanez.cl\/web\/wp-json\/wp\/v2\/media?parent=40064"}],"wp:term":[{"taxonomy":"category","embeddable":true,"href":"https:\/\/www.radiopresidenteibanez.cl\/web\/wp-json\/wp\/v2\/categories?post=40064"},{"taxonomy":"post_tag","embeddable":true,"href":"https:\/\/www.radiopresidenteibanez.cl\/web\/wp-json\/wp\/v2\/tags?post=40064"}],"curies":[{"name":"wp","href":"https:\/\/api.w.org\/{rel}","templated":true}]}}