{"id":40039,"date":"2023-05-29T11:19:00","date_gmt":"2023-05-29T14:19:00","guid":{"rendered":"https:\/\/www.radiopresidenteibanez.cl\/web\/?p=40039"},"modified":"2023-05-29T08:41:59","modified_gmt":"2023-05-29T11:41:59","slug":"sename-afirma-que-desde-el-2018-a-la-fechaha-disminuido-la-participacion-juvenil-en-delitos","status":"publish","type":"post","link":"https:\/\/www.radiopresidenteibanez.cl\/web\/sename-afirma-que-desde-el-2018-a-la-fechaha-disminuido-la-participacion-juvenil-en-delitos\/","title":{"rendered":"SENAME AFIRMA QUE DESDE EL 2018 A LA FECHAHA DISMINUIDO LA PARTICIPACI\u00d3N JUVENIL EN DELITOS"},"content":{"rendered":"\n<p>Magallanes registra actualmente una baja incidencia de j\u00f3venes involucrados en delitos. Desde el<br>2018 a la fecha ha disminuido la participaci\u00f3n juvenil en delitos, lo que se constata al revisar la<br>cantidad de ingresos al sistema de adolescentes penalmente responsables (33.836 en 2018;<br>20.194 en 2021), como tambi\u00e9n si se examina la distribuci\u00f3n de delitos de mayor connotaci\u00f3n<br>social en comparaci\u00f3n a la poblaci\u00f3n total. Dicho porcentaje durante 2023 representa el 1,9 por<br>ciento de las causas atendidas por la Defensor\u00eda Penal P\u00fablica -22 en total, versus 1.130 causas de<br>adultos-. Este ingreso de causas en descenso dar\u00eda cuenta de una tendencia a la baja en la<br>criminalidad adolescente, aun cuando medi\u00e1ticamente se asocie a j\u00f3venes a casos de connotaci\u00f3n<br>p\u00fablica, al involucrar generalmente lesiones.<br>Ruth Aburto, Directora Regional del Servicio Nacional de Menores (SENAME), reconoce que desde<br>2018 a la fecha ha habido una baja importante a nivel nacional de j\u00f3venes que han infringido la<br>ley, frente a lo cual se abocan de lleno a intervenir integralmente y entregar diversas herramientas<br>a sus usuarios para que logren reinsertarse a la sociedad. Esto, luego que la divisi\u00f3n del SENAME,<br>en octubre de 2021, los dejara exclusivamente a cargo del \u00e1rea de justicia juvenil, traspasando el<br>\u00e1rea proteccional al Ministerio de Desarrollo Social y Familia.<br>Si bien el SENAME sigue siendo un servicio centralizado, dependiente del Ministerio de Justicia y<br>colaborador del sistema judicial, el futuro Servicio Nacional de Reinserci\u00f3n Social Juvenil \u2013que<br>empezar\u00eda en la regi\u00f3n en 2025- ser\u00e1 un ente descentralizado, \u201clo que favorecer\u00e1 el desarrollo de<br>un trabajo que est\u00e9 m\u00e1s en l\u00ednea con las necesidades de cada territorio\u201d.<br>Desde la Defensor\u00eda de la Ni\u00f1ez, se destaca que la concentraci\u00f3n de delitos por cada adolescente,<br>contin\u00faa siendo el problema principal. Los datos muestran que, del total de adolescentes<br>detenidos entre abril de 2019 y mayo de 2022, se registra un promedio de 1,69 detenciones por<br>cada adolescente, en 4 a\u00f1os, en un rango que va desde una detenci\u00f3n hasta un m\u00e1ximo (en un<br>caso) de 82 detenciones en dicho periodo. Es decir, el 10% de los adolescentes detenidos en ese<br>periodo, explica el 35% total de todas las detenciones. Al incurrir en m\u00e1s de un delito, hay j\u00f3venes<br>que van acumulando causas y a la larga adquieren su mayor\u00eda de edad, agrega la profesional. De<br>hecho, los 44 J\u00f3venes vigentes que son parte de la red SENAME hoy en la regi\u00f3n tienen m\u00e1s de 18<\/p>\n\n\n\n<p>a\u00f1os. De ellos, hay 2 en internaci\u00f3n provisoria, 2 en r\u00e9gimen cerrado y 1 en semi cerrado, en tanto<br>el resto est\u00e1 en programas de intervenci\u00f3n en el medio libre.<\/p>\n\n\n\n<p>Aporte intersectorial<\/p>\n\n\n\n<p>En el Centro de Justicia Juvenil (CIP-CRC-CSC) de R\u00edo de los Ciervos existe un equipo<br>multidisciplinario de duplas sicosociales (psic\u00f3loga y trabajadoras sociales), adem\u00e1s de<br>intervenci\u00f3n especializada en terapia ocupacional y educadores que hacen trabajo de talleres y<br>otro tipo de intervenciones. Incluso se dispone de una Unidad de Salud de procedimientos b\u00e1sicos,<br>cuyo objetivo es desarrollar intervenciones de car\u00e1cter preventivo, como, por ejemplo,<br>sensibilizaci\u00f3n sobre VIH y otras infecciones de transmisi\u00f3n sexual.<br>En el medio libre, tambi\u00e9n con aporte de trabajadoras sociales y psic\u00f3logas se intenciona el \u00e1mbito<br>de capacitaci\u00f3n laboral. Hoy licitan un curso de construcci\u00f3n en metalcon para 10 j\u00f3venes, que se<br>relaciona con procesos de reinserci\u00f3n laboral y social. Tambi\u00e9n est\u00e1n prontos a iniciar curso de<br>soldadura en arco voltaico, y en el medio privativo de libertad cuentan con otros talleres. Esto, sin<br>olvidar el apoyo de la SEREM\u00cdA de Educaci\u00f3n para rendir los ex\u00e1menes libres para quienes<br>necesitan terminar su ense\u00f1anza media.<br>Rodrigo Trujillo Peters, Coordinador de la Unidad de Justicia Juvenil de SENAME, resalta que se<br>trata de cursos muy atingentes, porque hay un estudio previo, con levantamiento de motivaci\u00f3n e<br>intereses de los adolescentes (encuesta) para ver en orden de prioridad a qu\u00e9 se orientan<br>vocacional o laboralmente, siendo los cursos tambi\u00e9n contrastados con el mercado y lo que<br>puedan ofrecer otras instituciones como SENCE o su misma direcci\u00f3n nacional.<br>Adem\u00e1s, destaca como programa complementario en el medio libre el PIL (Programa de<br>Intermediaci\u00f3n Laboral), que mantiene todos los meses entre 10 a 12 j\u00f3venes insertos<br>laboralmente gracias a este trabajo integral. Aqu\u00ed han firmado convenios con muchas empresas<br>regionales (cafeter\u00edas, automotoras, construcci\u00f3n) abri\u00e9ndoles plazas laborales.<br>En materia de alianzas, con la Serem\u00eda de las Culturas, las Artes y el Patrimonio se aprob\u00f3 -para ser<br>implementado el segundo semestre- el Programa Liberando Talento para recomponer las<br>confianzas de j\u00f3venes y adolescentes a trav\u00e9s de la m\u00fasica. Esto beneficiar\u00e1 tanto a los j\u00f3venes del<br>centro privativo de libertad como del medio libre.<\/p>\n\n\n\n<p>Dentro del trabajo interinstitucional realizado por SENAME en pro de la reinserci\u00f3n social juvenil,<br>se firmar\u00e1 tambi\u00e9n un convenio con el Fondo de Solidaridad e Inversi\u00f3n Social (FOSIS) para que los<br>j\u00f3venes accedan a sus beneficios. En la l\u00ednea laboral, la idea es que el FOSIS pueda apoyar a<br>aquellos que han tenido alg\u00fan emprendimiento, no s\u00f3lo monetariamente, sino tambi\u00e9n<br>entreg\u00e1ndoles herramientas para mantener un negocio con herramientas y conocimientos para<br>tener mayores proyecciones.<br>Asimismo, Ruth Aburto resalta que con el MINDEP-IND realizar\u00e1n pr\u00f3ximamente un campeonato<br>deportivo, dado que, entre otras cosas el deporte favorece la salud mental e integral de las<br>personas.<br>En otro orden, SENAME tambi\u00e9n es parte del sistema de salud integral con \u00e9nfasis en salud<br>mental, a favor de los j\u00f3venes sujetos a la Ley de Responsabilidad Penal Adolescente. Dentro de<br>las \u00faltimas gestiones, se entreg\u00f3 una minuta de priorizaci\u00f3n al Servicio de Salud de Magallanes, a<br>fin de garantizar la atenci\u00f3n de calidad y oportuna a los j\u00f3venes.<br>As\u00ed tambi\u00e9n iniciaron un trabajo con la SEREM\u00cdA de Desarrollo Social y Familia para elaborar un<br>flujo comunicacional de j\u00f3venes que han infringido la ley que se encuentran en el circuito de calle,<br>al no existir una oferta program\u00e1tica en regi\u00f3n respecto a la materia.<br>Al respecto, la Seremi de Justicia y DDHH, Michelle Peutat, destaca el significativo aporte que<br>brinda al SENAME a nivel regional, \u201ccon un trabajo intersectorial con muchas instituciones, que<br>apunta a cubrir las necesidades de los y las adolescentes, en todas aquellas \u00e1reas que les<br>permitir\u00e1n integralmente pueda insertarse de buena manera en la sociedad\u201d.<\/p>\n","protected":false},"excerpt":{"rendered":"<p>Magallanes registra actualmente una baja incidencia de j\u00f3venes involucrados en delitos. Desde el2018 a la fecha ha disminuido la participaci\u00f3n juvenil en delitos, lo que se constata al revisar lacantidad&#8230; <a class=\"read-more\" href=\"https:\/\/www.radiopresidenteibanez.cl\/web\/sename-afirma-que-desde-el-2018-a-la-fechaha-disminuido-la-participacion-juvenil-en-delitos\/\">Leer m\u00e1s<\/a><\/p>\n","protected":false},"author":2,"featured_media":40040,"comment_status":"closed","ping_status":"closed","sticky":false,"template":"","format":"standard","meta":{"footnotes":""},"categories":[1],"tags":[],"class_list":["post-40039","post","type-post","status-publish","format-standard","has-post-thumbnail","hentry","category-cronica"],"_links":{"self":[{"href":"https:\/\/www.radiopresidenteibanez.cl\/web\/wp-json\/wp\/v2\/posts\/40039","targetHints":{"allow":["GET"]}}],"collection":[{"href":"https:\/\/www.radiopresidenteibanez.cl\/web\/wp-json\/wp\/v2\/posts"}],"about":[{"href":"https:\/\/www.radiopresidenteibanez.cl\/web\/wp-json\/wp\/v2\/types\/post"}],"author":[{"embeddable":true,"href":"https:\/\/www.radiopresidenteibanez.cl\/web\/wp-json\/wp\/v2\/users\/2"}],"replies":[{"embeddable":true,"href":"https:\/\/www.radiopresidenteibanez.cl\/web\/wp-json\/wp\/v2\/comments?post=40039"}],"version-history":[{"count":0,"href":"https:\/\/www.radiopresidenteibanez.cl\/web\/wp-json\/wp\/v2\/posts\/40039\/revisions"}],"wp:featuredmedia":[{"embeddable":true,"href":"https:\/\/www.radiopresidenteibanez.cl\/web\/wp-json\/wp\/v2\/media\/40040"}],"wp:attachment":[{"href":"https:\/\/www.radiopresidenteibanez.cl\/web\/wp-json\/wp\/v2\/media?parent=40039"}],"wp:term":[{"taxonomy":"category","embeddable":true,"href":"https:\/\/www.radiopresidenteibanez.cl\/web\/wp-json\/wp\/v2\/categories?post=40039"},{"taxonomy":"post_tag","embeddable":true,"href":"https:\/\/www.radiopresidenteibanez.cl\/web\/wp-json\/wp\/v2\/tags?post=40039"}],"curies":[{"name":"wp","href":"https:\/\/api.w.org\/{rel}","templated":true}]}}