{"id":40033,"date":"2023-05-29T09:19:00","date_gmt":"2023-05-29T12:19:00","guid":{"rendered":"https:\/\/www.radiopresidenteibanez.cl\/web\/?p=40033"},"modified":"2023-05-29T08:13:24","modified_gmt":"2023-05-29T11:13:24","slug":"y-ella-los-pelaba-con-gran-estoicismo-suspirando-se-lamentaba-cuando-llegara-el-socialismo-canta-mauricio-redoles","status":"publish","type":"post","link":"https:\/\/www.radiopresidenteibanez.cl\/web\/y-ella-los-pelaba-con-gran-estoicismo-suspirando-se-lamentaba-cuando-llegara-el-socialismo-canta-mauricio-redoles\/","title":{"rendered":"\u00ab..Y ella los pelaba con gran estoicismo suspirando se lamentaba cuando llegara el socialismo ..\u00bb canta Mauricio Redoles"},"content":{"rendered":"\n<p>Visitar el cerro Chena siempre ser\u00e1 una experiencia inolvidable, por mucho que a\u00f1o a a\u00f1o se le recorra en d\u00edas como este del patrimonio, o cada 6 de octubre cuando se recuerda a los fusilados en la casa del techo rojo, ah\u00ed en la loma declarada sitio de memoria despu\u00e9s de una lucha de muchos a\u00f1os, encabezada por los familiares de las v\u00edctimas.<br>Participo pues fui de los pocos que pas\u00f3 por ah\u00ed y sobrevivi\u00f3, adem\u00e1s que me han entregado el alto honor de guiar a las viejas y nuevas generaciones en un recorrido emotivo, en el que damos cuenta c\u00f3mo se vivieron esos d\u00edas que para muchos resultaron ser la antesala de la muerte. Y pese a que se tiene claro todo y as\u00ed se relata, siempre hay un hecho nuevo que vale la pena compartir. En esta ocasi\u00f3n fue la presencia de una compa\u00f1era que ratific\u00f3 que por ese sitio tambi\u00e9n pasaron mujeres.<br>Desde antes de las 10 comenzaron a llegar quienes har\u00e1n el recorrido y recibieron una interesante informaci\u00f3n relativa a la posesi\u00f3n de tan amplio espacio a lo largo de los siglos y c\u00f3mo lleg\u00f3 este a manos del ej\u00e9rcito. Luego, caminando y en veh\u00edculos, nos dirigimos a la zona conocida como La Escuelita.<br>Ah\u00ed est\u00e1 el galp\u00f3n donde nos alimentaron los cancerberos, ya se ha secado la acequia en que pudimos lavarnos el d\u00eda en que fuimos declarados prisioneros de guerra, incluso sigue enhiesto el gigantesco pl\u00e1tano oriental donde fueron amarrados con alambres muchos que sufrieron simulacros de fusilamiento. Sin mayores cambios el amplio espacio donde pudimos reconocernos, conversar, abrazarnos y enviar mensajes a la familia, el \u00fanico d\u00eda en que por varias horas estuvimos sin vendas ni vejaciones hasta ya entrada la tarde de un 29 de septiembre de 1973.<\/p>\n\n\n\n<p>2.- Y este a\u00f1o hab\u00eda algo nuevo, sobrecogedor y emotivo. Por primera vez, a casi 50 a\u00f1os del golpe, pudimos ingresar a una de las 4 salas de clases donde estuvimos prisioneros. Me sent\u00e9 en el suelo y apoy\u00e9 la espalda en la sala contigua a la que nos sirvi\u00f3 de celda, mientras relataba a los asistentes como hac\u00edamos contacto a trav\u00e9s de las vendas, toc\u00e1ndonos con nuestros codos y diciendo frases cortas casi en susurro.<br>Esas salas est\u00e1n llenas de voces, quejidos, dolores y tambi\u00e9n afecto y cari\u00f1o de compa\u00f1eros.<br>Con el coraz\u00f3n apretado y compartiendo en grupos, enfilamos hac\u00eda la casa del techo rojo, el \u00faltimo lugar que vio con vida a muchos de los valientes que por esta escuelita pasaron.<br>Estuvimos aqu\u00ed nuevamente y ser\u00e1 as\u00ed mientras las fuerzas nos acompa\u00f1en, para contar lo que aqu\u00ed se vivi\u00f3. Y cuando llegu\u00e9 el momento, ser\u00e1n todos los que nos han escuchado quienes mantengan viva la memoria.<\/p>\n","protected":false},"excerpt":{"rendered":"<p>Visitar el cerro Chena siempre ser\u00e1 una experiencia inolvidable, por mucho que a\u00f1o a a\u00f1o se le recorra en d\u00edas como este del patrimonio, o cada 6 de octubre cuando&#8230; <a class=\"read-more\" href=\"https:\/\/www.radiopresidenteibanez.cl\/web\/y-ella-los-pelaba-con-gran-estoicismo-suspirando-se-lamentaba-cuando-llegara-el-socialismo-canta-mauricio-redoles\/\">Leer m\u00e1s<\/a><\/p>\n","protected":false},"author":2,"featured_media":40034,"comment_status":"closed","ping_status":"closed","sticky":false,"template":"","format":"standard","meta":{"footnotes":""},"categories":[1],"tags":[],"class_list":["post-40033","post","type-post","status-publish","format-standard","has-post-thumbnail","hentry","category-cronica"],"_links":{"self":[{"href":"https:\/\/www.radiopresidenteibanez.cl\/web\/wp-json\/wp\/v2\/posts\/40033","targetHints":{"allow":["GET"]}}],"collection":[{"href":"https:\/\/www.radiopresidenteibanez.cl\/web\/wp-json\/wp\/v2\/posts"}],"about":[{"href":"https:\/\/www.radiopresidenteibanez.cl\/web\/wp-json\/wp\/v2\/types\/post"}],"author":[{"embeddable":true,"href":"https:\/\/www.radiopresidenteibanez.cl\/web\/wp-json\/wp\/v2\/users\/2"}],"replies":[{"embeddable":true,"href":"https:\/\/www.radiopresidenteibanez.cl\/web\/wp-json\/wp\/v2\/comments?post=40033"}],"version-history":[{"count":0,"href":"https:\/\/www.radiopresidenteibanez.cl\/web\/wp-json\/wp\/v2\/posts\/40033\/revisions"}],"wp:featuredmedia":[{"embeddable":true,"href":"https:\/\/www.radiopresidenteibanez.cl\/web\/wp-json\/wp\/v2\/media\/40034"}],"wp:attachment":[{"href":"https:\/\/www.radiopresidenteibanez.cl\/web\/wp-json\/wp\/v2\/media?parent=40033"}],"wp:term":[{"taxonomy":"category","embeddable":true,"href":"https:\/\/www.radiopresidenteibanez.cl\/web\/wp-json\/wp\/v2\/categories?post=40033"},{"taxonomy":"post_tag","embeddable":true,"href":"https:\/\/www.radiopresidenteibanez.cl\/web\/wp-json\/wp\/v2\/tags?post=40033"}],"curies":[{"name":"wp","href":"https:\/\/api.w.org\/{rel}","templated":true}]}}