{"id":40027,"date":"2023-05-28T14:40:18","date_gmt":"2023-05-28T17:40:18","guid":{"rendered":"https:\/\/www.radiopresidenteibanez.cl\/web\/?p=40027"},"modified":"2023-05-28T14:40:26","modified_gmt":"2023-05-28T17:40:26","slug":"gobierno-informa-a-nova-austral-que-centro-de-siembra-para-salmones-esta-habilitado","status":"publish","type":"post","link":"https:\/\/www.radiopresidenteibanez.cl\/web\/gobierno-informa-a-nova-austral-que-centro-de-siembra-para-salmones-esta-habilitado\/","title":{"rendered":"Gobierno informa a Nova Austral que centro de siembra para salmones est\u00e1 habilitado"},"content":{"rendered":"\n<p>El Gobierno ha cumplido los acuerdos adoptados con los sindicatos de la empresa Nova Austral y contin\u00faa trabajando \u2013con toda transparencia- en la b\u00fasqueda de medidas y acciones que, dentro del marco de la ley, permitan dar continuidad al empleo de las trabajadoras y los trabajadores de esa empresa salmonera.<br>Hemos cumplido con el compromiso de priorizar el proceso de evaluaci\u00f3n t\u00e9cnica de Aracena 11 en los<br>tiempos acordados. El domingo 21, y en cuanto las condiciones clim\u00e1ticas lo permitieron, se tomaron las<br>muestras necesarias para las evaluaciones t\u00e9cnicas. La tarde de este viernes, la empresa Nova Austral fue<br>informada por el Servicio Nacional de Pesca y Acuicultura (Sernapesca) que los an\u00e1lisis t\u00e9cnicos del centro de cultivo C\u00f3digo 120090 (Aracena 11) \u201cpresenta para el periodo informado condiciones ambientales<br>AER\u00d3BICAS\u201d. Es decir, el centro est\u00e1 habilitado para ser usado en la siembra de la especie.<br>De otra parte, tal como fue acordado, se ha sostenido una interlocuci\u00f3n directa y el apoyo t\u00e9cnico requerido para avanzar. Desde el encuentro con el Presidente de la Rep\u00fablica el 6 de mayo, se han sostenido otras dos reuniones, incluida una realizada en Porvenir. Ello da cuenta del canal y contacto abierto de manera permanente para intercambiar informaciones, as\u00ed como la voluntad de di\u00e1logo comprometida en este proceso y refrendada por las m\u00e1s altas autoridades del sector.<br>En cuanto a la Ley que crea el Servicio de Biodiversidad y \u00c1reas Protegidas (Ley SBAP) que est\u00e1 en tr\u00e1mite<br>parlamentario, la ministra de Medio Ambiente ha reiterado que esta no es retroactiva; por lo tanto, las<br>concesiones otorgadas no sufrir\u00e1n modificaciones.<\/p>\n","protected":false},"excerpt":{"rendered":"<p>El Gobierno ha cumplido los acuerdos adoptados con los sindicatos de la empresa Nova Austral y contin\u00faa trabajando \u2013con toda transparencia- en la b\u00fasqueda de medidas y acciones que, dentro&#8230; <a class=\"read-more\" href=\"https:\/\/www.radiopresidenteibanez.cl\/web\/gobierno-informa-a-nova-austral-que-centro-de-siembra-para-salmones-esta-habilitado\/\">Leer m\u00e1s<\/a><\/p>\n","protected":false},"author":2,"featured_media":40028,"comment_status":"closed","ping_status":"closed","sticky":false,"template":"","format":"standard","meta":{"footnotes":""},"categories":[1],"tags":[],"class_list":["post-40027","post","type-post","status-publish","format-standard","has-post-thumbnail","hentry","category-cronica"],"_links":{"self":[{"href":"https:\/\/www.radiopresidenteibanez.cl\/web\/wp-json\/wp\/v2\/posts\/40027","targetHints":{"allow":["GET"]}}],"collection":[{"href":"https:\/\/www.radiopresidenteibanez.cl\/web\/wp-json\/wp\/v2\/posts"}],"about":[{"href":"https:\/\/www.radiopresidenteibanez.cl\/web\/wp-json\/wp\/v2\/types\/post"}],"author":[{"embeddable":true,"href":"https:\/\/www.radiopresidenteibanez.cl\/web\/wp-json\/wp\/v2\/users\/2"}],"replies":[{"embeddable":true,"href":"https:\/\/www.radiopresidenteibanez.cl\/web\/wp-json\/wp\/v2\/comments?post=40027"}],"version-history":[{"count":0,"href":"https:\/\/www.radiopresidenteibanez.cl\/web\/wp-json\/wp\/v2\/posts\/40027\/revisions"}],"wp:featuredmedia":[{"embeddable":true,"href":"https:\/\/www.radiopresidenteibanez.cl\/web\/wp-json\/wp\/v2\/media\/40028"}],"wp:attachment":[{"href":"https:\/\/www.radiopresidenteibanez.cl\/web\/wp-json\/wp\/v2\/media?parent=40027"}],"wp:term":[{"taxonomy":"category","embeddable":true,"href":"https:\/\/www.radiopresidenteibanez.cl\/web\/wp-json\/wp\/v2\/categories?post=40027"},{"taxonomy":"post_tag","embeddable":true,"href":"https:\/\/www.radiopresidenteibanez.cl\/web\/wp-json\/wp\/v2\/tags?post=40027"}],"curies":[{"name":"wp","href":"https:\/\/api.w.org\/{rel}","templated":true}]}}