{"id":4002,"date":"2019-05-08T14:51:41","date_gmt":"2019-05-08T14:51:41","guid":{"rendered":"http:\/\/www.radiopresidenteibanez.cl\/web\/?p=4002"},"modified":"2019-05-08T14:52:19","modified_gmt":"2019-05-08T14:52:19","slug":"direccion-de-personal-y-logistica-realizo-exposicion-a-personal-de-la-iva-brigada-aerea","status":"publish","type":"post","link":"https:\/\/www.radiopresidenteibanez.cl\/web\/direccion-de-personal-y-logistica-realizo-exposicion-a-personal-de-la-iva-brigada-aerea\/","title":{"rendered":"DIRECCI\u00d3N DE PERSONAL Y LOG\u00cdSTICA REALIZ\u00d3 EXPOSICI\u00d3N A PERSONAL DE LA IVA BRIGADA A\u00c9REA."},"content":{"rendered":"\n<p>El\nSubdirector de personal de la Direcci\u00f3n de Personal y Log\u00edstica, Comandante de\nGrupo (AD) Rodrigo Villalobos, junto a un equipo multidisciplinario, se reuni\u00f3\ncon el personal de la IV<sup>a<\/sup> Brigada A\u00e9rea, a objeto de dar a conocer\nlos alcances de la nueva norma administrativa institucional que dice relaci\u00f3n\ncon el acoso sexual y\/o laboral.<\/p>\n\n\n\n<p>La\ncomitiva, estuvo integrada adem\u00e1s por la abogada Daniela Olate y la sic\u00f3loga\norganizacional Katherine Acevedo, quienes dieron a conocer al personal de la\nUnidad, cuales son las conductas constituyentes de acoso sexual y\/o laboral.<\/p>\n\n\n\n<p>Al\nrespecto, se\u00f1alaron que las acciones del personal, siempre deben encaminarse a\nlas buenas relaciones y pr\u00e1cticas laborales, evitando cualquier tipo de acci\u00f3n\ny\/o conducta que atente en contra de ello.<\/p>\n\n\n\n<p>Cabe destacar que, en marzo de este a\u00f1o, la Fuerza A\u00e9rea de Chile, firm\u00f3 junto a las otras dos ramas de la defensa nacional, un protocolo en conjunto con el Ministerio de Defensa Nacional, para canalizar, investigar y sancionar las denuncias por acoso laboral y\/o sexual que se denuncien al interior de las instituciones castrenses.<\/p>\n\n\n\n<figure class=\"wp-block-image\"><img loading=\"lazy\" decoding=\"async\" width=\"900\" height=\"602\" src=\"https:\/\/www.radiopresidenteibanez.cl\/web\/wp-content\/uploads\/2019\/05\/DSC_0488.jpg\" alt=\"\" class=\"wp-image-4003\" srcset=\"https:\/\/www.radiopresidenteibanez.cl\/web\/wp-content\/uploads\/2019\/05\/DSC_0488.jpg 900w, https:\/\/www.radiopresidenteibanez.cl\/web\/wp-content\/uploads\/2019\/05\/DSC_0488-300x201.jpg 300w, https:\/\/www.radiopresidenteibanez.cl\/web\/wp-content\/uploads\/2019\/05\/DSC_0488-768x514.jpg 768w\" sizes=\"auto, (max-width: 900px) 100vw, 900px\" \/><\/figure>\n","protected":false},"excerpt":{"rendered":"<p>El Subdirector de personal de la Direcci\u00f3n de Personal y Log\u00edstica, Comandante de Grupo (AD) Rodrigo Villalobos, junto a un equipo multidisciplinario, se reuni\u00f3 con el personal de la IVa&#8230; <a class=\"read-more\" href=\"https:\/\/www.radiopresidenteibanez.cl\/web\/direccion-de-personal-y-logistica-realizo-exposicion-a-personal-de-la-iva-brigada-aerea\/\">Leer m\u00e1s<\/a><\/p>\n","protected":false},"author":2,"featured_media":4003,"comment_status":"closed","ping_status":"closed","sticky":false,"template":"","format":"standard","meta":{"footnotes":""},"categories":[1],"tags":[],"class_list":["post-4002","post","type-post","status-publish","format-standard","has-post-thumbnail","hentry","category-cronica"],"_links":{"self":[{"href":"https:\/\/www.radiopresidenteibanez.cl\/web\/wp-json\/wp\/v2\/posts\/4002","targetHints":{"allow":["GET"]}}],"collection":[{"href":"https:\/\/www.radiopresidenteibanez.cl\/web\/wp-json\/wp\/v2\/posts"}],"about":[{"href":"https:\/\/www.radiopresidenteibanez.cl\/web\/wp-json\/wp\/v2\/types\/post"}],"author":[{"embeddable":true,"href":"https:\/\/www.radiopresidenteibanez.cl\/web\/wp-json\/wp\/v2\/users\/2"}],"replies":[{"embeddable":true,"href":"https:\/\/www.radiopresidenteibanez.cl\/web\/wp-json\/wp\/v2\/comments?post=4002"}],"version-history":[{"count":0,"href":"https:\/\/www.radiopresidenteibanez.cl\/web\/wp-json\/wp\/v2\/posts\/4002\/revisions"}],"wp:featuredmedia":[{"embeddable":true,"href":"https:\/\/www.radiopresidenteibanez.cl\/web\/wp-json\/wp\/v2\/media\/4003"}],"wp:attachment":[{"href":"https:\/\/www.radiopresidenteibanez.cl\/web\/wp-json\/wp\/v2\/media?parent=4002"}],"wp:term":[{"taxonomy":"category","embeddable":true,"href":"https:\/\/www.radiopresidenteibanez.cl\/web\/wp-json\/wp\/v2\/categories?post=4002"},{"taxonomy":"post_tag","embeddable":true,"href":"https:\/\/www.radiopresidenteibanez.cl\/web\/wp-json\/wp\/v2\/tags?post=4002"}],"curies":[{"name":"wp","href":"https:\/\/api.w.org\/{rel}","templated":true}]}}