{"id":40012,"date":"2023-05-26T17:36:00","date_gmt":"2023-05-26T20:36:00","guid":{"rendered":"https:\/\/www.radiopresidenteibanez.cl\/web\/?p=40012"},"modified":"2023-05-26T11:23:09","modified_gmt":"2023-05-26T14:23:09","slug":"salud-coordina-trabajo-en-materia-de-discapacidad-e-implementacion-de-leyes-tea-y-fibromialgia","status":"publish","type":"post","link":"https:\/\/www.radiopresidenteibanez.cl\/web\/salud-coordina-trabajo-en-materia-de-discapacidad-e-implementacion-de-leyes-tea-y-fibromialgia\/","title":{"rendered":"SALUD COORDINA TRABAJO EN MATERIA DE DISCAPACIDAD E IMPLEMENTACI\u00d3N DE LEYES TEA Y FIBROMIALGIA"},"content":{"rendered":"\n<p>Como parte de las acciones de acompa\u00f1amiento t\u00e9cnico que realiza el Ministerio de Salud en el<br>territorio, se realizaron actividades enmarcadas en la Estrategia Nacional de Salud (ENS),<br>espec\u00edficamente en el eje N\u00b05 de Funcionamiento y Discapacidad, y tambi\u00e9n focalizadas en la<br>implementaci\u00f3n de la Ley N\u00b021.545 de Trastorno del Espectro Autista (TEA) y la Ley N\u00b021.531 de<br>Fibromialgia y Dolor Cr\u00f3nico No Oncol\u00f3gico.<br>Con este objetivo visit\u00f3 la regi\u00f3n la Jefa del Departamento de Rehabilitaci\u00f3n y Discapacidad de la<br>Divisi\u00f3n de Prevenci\u00f3n y Control de Enfermedades (DIPRECE) de la Subsecretaria de Salud P\u00fablica,<br>Constanza Piriz, quien resalt\u00f3 el trabajo colaborativo y coordinado que llevan a cabo la Seremi y el<br>Servicio de Salud en estas materias, explicando que esta labor conjunta \u201cpermite optimizar la<br>oferta program\u00e1tica que existe para personas con discapacidad y con alteraciones de<br>funcionamiento a lo largo del curso de vida. Esto requiere de un compromiso territorial y<br>considerar las particularidades y necesidades de las organizaciones sociales. Esto promueve que<br>las acciones en salud respondan a derechos humanos y a un enfoque de participaci\u00f3n con sello<br>regional, que es lo que se requiere en nuestro trabajo, implicando a su vez movilizar a otros<br>sectores, en un trabajo importante de coordinaci\u00f3n intersectorial\u201d.<br>La Seremi de Salud Francisca Sanfuentes destac\u00f3 la importancia de \u201cla inclusi\u00f3n y el respeto hacia<br>las personas con discapacidad. Adem\u00e1s, estamos comprometidos como Gobierno en la<br>implementaci\u00f3n de la ley que busca mejorar la calidad de vida de quienes presentan Trastorno del<br>Espectro Autista y de Fibromialgia, de ah\u00ed el trabajo que estamos desarrollando y continuaremos<br>efectuando como sector para la puesta en marcha de estas normativas y para fomentar la<br>informaci\u00f3n y sensibilizaci\u00f3n sobre estas tem\u00e1ticas tan relevantes, tanto en los equipos de salud,<br>intersector, con las agrupaciones y la comunidad\u201d.<br>Por su parte, Constanza Piriz explic\u00f3 que \u201ctambi\u00e9n se realiz\u00f3 un fuerte trabajo relacionado con la<br>implementaci\u00f3n de la ley de promoci\u00f3n de los derechos para las personas con trastorno del<br>espectro autista y de fibromialgia y de dolor cr\u00f3nico no oncol\u00f3gico, no solamente para efectos de<br>la acci\u00f3n en salud, sino de c\u00f3mo se podr\u00eda implementar esta ley con un enfoque intersectorial y<br>c\u00f3mo potenciar la red asistencial, de manera coordinada, para responder a los requerimientos de<br>esta poblaci\u00f3n. Y aqu\u00ed tambi\u00e9n un trabajo importante con las organizaciones sociales\u201d.<br>Destac\u00f3 la \u201crelevancia de fortalecer los lineamientos del modelo de atenci\u00f3n, trabajar en los<br>determinantes sociales de salud para generar condiciones saludables. No solamente desde el<br>sector, sino tambi\u00e9n como se trabaja con educaci\u00f3n, con trabajo y otros sectores, en necesidades<br>que plantearon las mismas organizaciones sociales, y tambi\u00e9n trabajar fuertemente en la<br>calificaci\u00f3n y certificaci\u00f3n de discapacidad para efectos de la atenci\u00f3n preferente de estas<br>poblaciones y comunidades\u201d.<\/p>\n\n\n\n<p>En el marco de la visita de la referente del Minsal, se desarrollaron reuniones con diferentes<br>referentes de la Seremi, Servicio de Salud y el intersector para abordar aspectos de la Estrategia<br>Nacional de Salud y los objetivos sanitarios al 2030 en materia de discapacidad y funcionamiento,<br>adem\u00e1s de ver temas relacionados a la Ley TEA y Ley de Fibromialgia y dolor cr\u00f3nico no<br>oncol\u00f3gica, adem\u00e1s de realizaci\u00f3n de reuniones con representantes del Gobierno Regional con<br>respecto a proyectos que pudieran apoyar la implementaci\u00f3n de estas leyes.<\/p>\n","protected":false},"excerpt":{"rendered":"<p>Como parte de las acciones de acompa\u00f1amiento t\u00e9cnico que realiza el Ministerio de Salud en elterritorio, se realizaron actividades enmarcadas en la Estrategia Nacional de Salud (ENS),espec\u00edficamente en el eje&#8230; <a class=\"read-more\" href=\"https:\/\/www.radiopresidenteibanez.cl\/web\/salud-coordina-trabajo-en-materia-de-discapacidad-e-implementacion-de-leyes-tea-y-fibromialgia\/\">Leer m\u00e1s<\/a><\/p>\n","protected":false},"author":2,"featured_media":40013,"comment_status":"closed","ping_status":"closed","sticky":false,"template":"","format":"standard","meta":{"footnotes":""},"categories":[1],"tags":[],"class_list":["post-40012","post","type-post","status-publish","format-standard","has-post-thumbnail","hentry","category-cronica"],"_links":{"self":[{"href":"https:\/\/www.radiopresidenteibanez.cl\/web\/wp-json\/wp\/v2\/posts\/40012","targetHints":{"allow":["GET"]}}],"collection":[{"href":"https:\/\/www.radiopresidenteibanez.cl\/web\/wp-json\/wp\/v2\/posts"}],"about":[{"href":"https:\/\/www.radiopresidenteibanez.cl\/web\/wp-json\/wp\/v2\/types\/post"}],"author":[{"embeddable":true,"href":"https:\/\/www.radiopresidenteibanez.cl\/web\/wp-json\/wp\/v2\/users\/2"}],"replies":[{"embeddable":true,"href":"https:\/\/www.radiopresidenteibanez.cl\/web\/wp-json\/wp\/v2\/comments?post=40012"}],"version-history":[{"count":0,"href":"https:\/\/www.radiopresidenteibanez.cl\/web\/wp-json\/wp\/v2\/posts\/40012\/revisions"}],"wp:featuredmedia":[{"embeddable":true,"href":"https:\/\/www.radiopresidenteibanez.cl\/web\/wp-json\/wp\/v2\/media\/40013"}],"wp:attachment":[{"href":"https:\/\/www.radiopresidenteibanez.cl\/web\/wp-json\/wp\/v2\/media?parent=40012"}],"wp:term":[{"taxonomy":"category","embeddable":true,"href":"https:\/\/www.radiopresidenteibanez.cl\/web\/wp-json\/wp\/v2\/categories?post=40012"},{"taxonomy":"post_tag","embeddable":true,"href":"https:\/\/www.radiopresidenteibanez.cl\/web\/wp-json\/wp\/v2\/tags?post=40012"}],"curies":[{"name":"wp","href":"https:\/\/api.w.org\/{rel}","templated":true}]}}