{"id":40009,"date":"2023-05-26T16:55:00","date_gmt":"2023-05-26T19:55:00","guid":{"rendered":"https:\/\/www.radiopresidenteibanez.cl\/web\/?p=40009"},"modified":"2023-05-26T11:05:15","modified_gmt":"2023-05-26T14:05:15","slug":"cuenta-publica-inach-nuestro-servicio-ha-contribuido-fuertemente-a-hacer-de-la-antartica-un-polo-de-progreso-para-magallanes","status":"publish","type":"post","link":"https:\/\/www.radiopresidenteibanez.cl\/web\/cuenta-publica-inach-nuestro-servicio-ha-contribuido-fuertemente-a-hacer-de-la-antartica-un-polo-de-progreso-para-magallanes\/","title":{"rendered":"Cuenta Publica Inach \u201cNUESTRO SERVICIO HA CONTRIBUIDO FUERTEMENTE A HACER DE LA ANTARTICA UN POLO DE PROGRESO PARA MAGALLANES\u201d"},"content":{"rendered":"\n<p>Este mi\u00e9rcoles se llev\u00f3 a cabo la primera Cuenta P\u00fablica Participativa presencial del Instituto Ant\u00e1rtico Chileno (INACH) despu\u00e9s de la pandemia de Covid-19. En el evento, el director nacional del INACH, Dr. Marcelo Leppe Cartes, dio a conocer la gesti\u00f3n institucional durante el a\u00f1o 2022. Esta ceremonia se efectu\u00f3 en el marco de la Ley N\u00ba 20.500 \u201cSobre Asociaciones y Participaci\u00f3n Ciudadana en la Gesti\u00f3n P\u00fablica\u201d.<\/p>\n\n\n\n<p>Asistieron diversas autoridades como el gobernador regional Jorge Flies A\u00f1\u00f3n, el seremi de Gobierno Andro Mimica y la seremi de Ciencia, Tecnolog\u00eda, Conocimiento e Innovaci\u00f3n Ver\u00f3nica Vallejos, adem\u00e1s de representantes de las Fuerzas Armadas y actores relevantes del quehacer cient\u00edfico polar.<\/p>\n\n\n\n<p>La cuenta se organiz\u00f3 en seis ejes que cruzan la gesti\u00f3n del instituto y que ponen en ejercicio la misi\u00f3n del INACH. En primer lugar el director se refiri\u00f3 al \u201cDesarrollo de una ciencia ant\u00e1rtica pertinente para la regi\u00f3n y el pa\u00eds\u201d donde destaca el rol del&nbsp;Programa Nacional de Ciencia Ant\u00e1rtica (PROCIEN), que est\u00e1&nbsp;compuesto por todos los proyectos que el pa\u00eds desarrolla en el Continente Blanco.<\/p>\n\n\n\n<p>Los siguientes ejes que se trataron fueron la \u201cColaboraci\u00f3n nacional e internacional para transformar a Magallanes en un polo de desarrollo cient\u00edfico de clase mundial\u201d, la \u201cTransferencia del conocimiento ant\u00e1rtico a otros sectores econ\u00f3micos y sociales\u201d, la \u201cFidelizaci\u00f3n de los Programas Ant\u00e1rticos Nacionales que pasan por Magallanes y atracci\u00f3n de nuevos programas\u201d, y el \u201cFomento de una identidad ant\u00e1rtica\u201d.<\/p>\n\n\n\n<p>Como \u00faltimo punto se habl\u00f3 de la\u201cOrientaci\u00f3n t\u00e9cnica en la toma de decisiones\u201d, donde Leppe Cartes destac\u00f3 el proceso de construcci\u00f3n del Centro Ant\u00e1rtico Internacional (CAI), que es liderado por el Ministerio de Obras P\u00fablicas (MOP) como unidad t\u00e9cnica, y es financiado por el Gobierno Regional de Magallanes y de la Ant\u00e1rtica Chilena. INACH ha asesorado la revisi\u00f3n de los equipamientos de los laboratorios proyectados para este edificio, y desde el a\u00f1o 2017 cuenta con una iniciativa program\u00e1tica para desarrollar la construcci\u00f3n de un bosque y acuarios ant\u00e1rticos para el CAI.<\/p>\n\n\n\n<p>Leppe se\u00f1al\u00f3 que el CAI sigue estando entre las prioridades de la Canciller\u00eda, lo cual reafirm\u00f3 el Ministro de Relaciones Exteriores, Alberto van Klaveren, en su visita a la ciudad y tambi\u00e9n la Ministra de Obras P\u00fablicas, Jessica L\u00f3pez, en la inauguraci\u00f3n del Centro Subant\u00e1rtico de Puerto Williams. \u201cEl CAI es una prioridad gubernamental y nosotros vamos a seguir trabajando en ello\u201d, manifest\u00f3.&nbsp;<\/p>\n\n\n\n<p>El gobernador regional, Jorge Flies, se\u00f1al\u00f3 que \u201cestos 60 a\u00f1os del INACH, que igualmente cumple 20 a\u00f1os en Punta Arenas, marcan un hito y una historia que nos llena de orgullo a todas y todos los magall\u00e1nicos. La labor que cumplen es amplia desde lo que son las famosas ferias ant\u00e1rticas escolares, hasta lo que es su motivo principal que es hacer ciencia de alto nivel. Hoy d\u00eda la presencia de Chile en la Ant\u00e1rtica tiene que ver con seguridad, con log\u00edstica, pero principalmente con el \u00e1mbito de ciencia, cuando uno de los principales problemas que tenemos en el mundo es el clima, y los recursos del agua, as\u00ed como conocer qu\u00e9 pasa con nuestra atm\u00f3sfera y nuestro mar. El INACH ha tenido un rol fundamental convocando a m\u00e1s de 23 pa\u00edses, un sin n\u00famero de instituciones cient\u00edficas, universidades e institutos. Hemos escuchado una cuenta contundente, concisa, que demuestra lo que significa tener al INACH ac\u00e1. Queremos que la regi\u00f3n de Magallanes sea una regi\u00f3n de ciencia mundial y probablemente uno de los principales aliados, sino el principal, que tiene la regi\u00f3n es este instituto, as\u00ed que: \u00a1Felicitaciones!\u201d.<\/p>\n\n\n\n<p>Para finalizar la Cuenta P\u00fablica Participativa, el director de INACH coment\u00f3 los objetivos y las proyecciones como&nbsp;la renovaci\u00f3n de tres bases cient\u00edficas (Carvajal, Yelcho y Escudero) y la implementaci\u00f3n de la red de sensores en la pen\u00ednsula Ant\u00e1rtica, entre otras.<\/p>\n\n\n\n<p>El video completo de la cuenta p\u00fablica participativa se encontrar\u00e1 disponible a finales de esta semana en el canal oficial de YouTube del INACH&nbsp;<a href=\"https:\/\/www.youtube.com\/user\/comunicacionesinach\" target=\"_blank\" rel=\"noreferrer noopener\">https:\/\/www.youtube.com\/user\/comunicacionesinach<\/a><\/p>\n\n\n\n<p>Adem\u00e1s, pueden revisar las cuentas anteriores en la p\u00e1gina web&nbsp;<a href=\"https:\/\/www.inach.cl\/inach\/?page_id=16890\" target=\"_blank\" rel=\"noreferrer noopener\">https:\/\/www.inach.cl\/inach\/?page_id=16890<\/a><\/p>\n\n\n\n<p>El INACH es un organismo t\u00e9cnico del Ministerio de Relaciones Exteriores con plena autonom\u00eda en todo lo relacionado con asuntos ant\u00e1rticos de car\u00e1cter cient\u00edfico, tecnol\u00f3gico y de difusi\u00f3n. El INACH cumple con la Pol\u00edtica Ant\u00e1rtica Nacional incentivando el desarrollo de la investigaci\u00f3n de excelencia, participando efectivamente en el Sistema del Tratado Ant\u00e1rtico y foros relacionados, fortaleciendo a Magallanes como puerta de entrada al Continente Blanco y realizando acciones de divulgaci\u00f3n del conocimiento ant\u00e1rtico en la ciudadan\u00eda.<\/p>\n","protected":false},"excerpt":{"rendered":"<p>Este mi\u00e9rcoles se llev\u00f3 a cabo la primera Cuenta P\u00fablica Participativa presencial del Instituto Ant\u00e1rtico Chileno (INACH) despu\u00e9s de la pandemia de Covid-19. En el evento, el director nacional del&#8230; <a class=\"read-more\" href=\"https:\/\/www.radiopresidenteibanez.cl\/web\/cuenta-publica-inach-nuestro-servicio-ha-contribuido-fuertemente-a-hacer-de-la-antartica-un-polo-de-progreso-para-magallanes\/\">Leer m\u00e1s<\/a><\/p>\n","protected":false},"author":2,"featured_media":40010,"comment_status":"closed","ping_status":"closed","sticky":false,"template":"","format":"standard","meta":{"footnotes":""},"categories":[1],"tags":[],"class_list":["post-40009","post","type-post","status-publish","format-standard","has-post-thumbnail","hentry","category-cronica"],"_links":{"self":[{"href":"https:\/\/www.radiopresidenteibanez.cl\/web\/wp-json\/wp\/v2\/posts\/40009","targetHints":{"allow":["GET"]}}],"collection":[{"href":"https:\/\/www.radiopresidenteibanez.cl\/web\/wp-json\/wp\/v2\/posts"}],"about":[{"href":"https:\/\/www.radiopresidenteibanez.cl\/web\/wp-json\/wp\/v2\/types\/post"}],"author":[{"embeddable":true,"href":"https:\/\/www.radiopresidenteibanez.cl\/web\/wp-json\/wp\/v2\/users\/2"}],"replies":[{"embeddable":true,"href":"https:\/\/www.radiopresidenteibanez.cl\/web\/wp-json\/wp\/v2\/comments?post=40009"}],"version-history":[{"count":0,"href":"https:\/\/www.radiopresidenteibanez.cl\/web\/wp-json\/wp\/v2\/posts\/40009\/revisions"}],"wp:featuredmedia":[{"embeddable":true,"href":"https:\/\/www.radiopresidenteibanez.cl\/web\/wp-json\/wp\/v2\/media\/40010"}],"wp:attachment":[{"href":"https:\/\/www.radiopresidenteibanez.cl\/web\/wp-json\/wp\/v2\/media?parent=40009"}],"wp:term":[{"taxonomy":"category","embeddable":true,"href":"https:\/\/www.radiopresidenteibanez.cl\/web\/wp-json\/wp\/v2\/categories?post=40009"},{"taxonomy":"post_tag","embeddable":true,"href":"https:\/\/www.radiopresidenteibanez.cl\/web\/wp-json\/wp\/v2\/tags?post=40009"}],"curies":[{"name":"wp","href":"https:\/\/api.w.org\/{rel}","templated":true}]}}