{"id":40006,"date":"2023-05-26T15:40:00","date_gmt":"2023-05-26T18:40:00","guid":{"rendered":"https:\/\/www.radiopresidenteibanez.cl\/web\/?p=40006"},"modified":"2023-05-26T10:47:33","modified_gmt":"2023-05-26T13:47:33","slug":"fortaleciendo-las-pesquerias-de-ostion-y-centolla-en-magallanes","status":"publish","type":"post","link":"https:\/\/www.radiopresidenteibanez.cl\/web\/fortaleciendo-las-pesquerias-de-ostion-y-centolla-en-magallanes\/","title":{"rendered":"FORTALECIENDO LAS PESQUER\u00cdAS DE OSTI\u00d3N Y CENTOLLA EN MAGALLANES"},"content":{"rendered":"\n<p>WCS Chile, que se vincula territorialmente con la regi\u00f3n desde el<br>2004, trabaja con el sector pesquero artesanal, una actividad tan importante como hist\u00f3rica en la<br>regi\u00f3n, que congrega a m\u00e1s de 6.000 personas, seg\u00fan el Registro Pesquero Artesanal (RPA) de<br>Sernapesca.<br>WCS en Magallanes ejecuta desde hace varios meses el proyecto \u201cFortaleciendo el manejo sostenible de<br>la pesca del osti\u00f3n y la centolla en la Regi\u00f3n de Magallanes\u201d, iniciativa que se desarrollar\u00e1 hasta el 2024.<br>Entre las l\u00edneas de acci\u00f3n del proyecto se considera: el monitoreo participativo de centolla y osti\u00f3n, una<br>apuesta por la implicancia de los pescadores en la recopilaci\u00f3n de informaci\u00f3n de estas dos pesquer\u00edas<br>emblem\u00e1ticas, como una manera de contribuir a ampliar el conocimiento biol\u00f3gico-pesquero de estos<br>recursos.<br>\u201cNuestra intenci\u00f3n es poder sumar el conocimiento de los pescadores artesanales a espacios de decisi\u00f3n<br>administrativos de sus propios recursos. Es as\u00ed como dise\u00f1amos un cuaderno de registro para el osti\u00f3n y<br>para la centolla, con sus determinadas particularidades. La idea era que los pescadores pudiesen<br>registrar sus observaciones, desde sus determinadas perspectivas y de manera diaria\u201d, coment\u00f3<br>Mauricio Palacios, Coordinador del Programa de Conservaci\u00f3n Marina de WCS Chile.<br>Una segunda l\u00ednea de acci\u00f3n es contribuir a potenciar el mercado regional y nacional de los recursos<br>marinos extra\u00eddos en Magallanes. La iniciativa pretende que exista una mayor valoraci\u00f3n de los<br>productos marinos y, por supuesto, relevar el esfuerzo pesquero que hay detr\u00e1s de estos recursos, que<br>implica traerlos desde zonas sumamente aisladas y hostiles, una realidad muy distinta a la que vive el<br>resto de la pesca artesanal del pa\u00eds.<br>Por \u00faltimo, en una tercera l\u00ednea de acci\u00f3n, el proyecto busca contribuir al fortalecimiento de las<br>capacidades de liderazgo de los pescadores artesanales y gestores locales. \u201cEn estos momentos nos<br>encontramos en el proceso de dise\u00f1o de un programa, realizando consultas a actores vinculados a la<br>actividad\u201d, coment\u00f3 Palacios.<br>El proyecto ha contado con la participaci\u00f3n voluntaria de decenas de pescadores de las cuatro<br>provincias de la regi\u00f3n. En los pr\u00f3ximos meses, WCS Chile les har\u00e1 llegar de manera especial a todos<br>quienes han participado, los principales resultados de la iniciativa. \u201cAgradecemos el tiempo y esfuerzo<br>de los pescadores que han contribuido con su conocimiento, informaci\u00f3n e ideas para trabajar por el<br>fortalecimiento de dos de las pesquer\u00edas m\u00e1s importantes de la regi\u00f3n\u201d, coment\u00f3 Mauricio Palacios.<\/p>\n","protected":false},"excerpt":{"rendered":"<p>WCS Chile, que se vincula territorialmente con la regi\u00f3n desde el2004, trabaja con el sector pesquero artesanal, una actividad tan importante como hist\u00f3rica en laregi\u00f3n, que congrega a m\u00e1s de&#8230; <a class=\"read-more\" href=\"https:\/\/www.radiopresidenteibanez.cl\/web\/fortaleciendo-las-pesquerias-de-ostion-y-centolla-en-magallanes\/\">Leer m\u00e1s<\/a><\/p>\n","protected":false},"author":2,"featured_media":40007,"comment_status":"closed","ping_status":"closed","sticky":false,"template":"","format":"standard","meta":{"footnotes":""},"categories":[1],"tags":[],"class_list":["post-40006","post","type-post","status-publish","format-standard","has-post-thumbnail","hentry","category-cronica"],"_links":{"self":[{"href":"https:\/\/www.radiopresidenteibanez.cl\/web\/wp-json\/wp\/v2\/posts\/40006","targetHints":{"allow":["GET"]}}],"collection":[{"href":"https:\/\/www.radiopresidenteibanez.cl\/web\/wp-json\/wp\/v2\/posts"}],"about":[{"href":"https:\/\/www.radiopresidenteibanez.cl\/web\/wp-json\/wp\/v2\/types\/post"}],"author":[{"embeddable":true,"href":"https:\/\/www.radiopresidenteibanez.cl\/web\/wp-json\/wp\/v2\/users\/2"}],"replies":[{"embeddable":true,"href":"https:\/\/www.radiopresidenteibanez.cl\/web\/wp-json\/wp\/v2\/comments?post=40006"}],"version-history":[{"count":0,"href":"https:\/\/www.radiopresidenteibanez.cl\/web\/wp-json\/wp\/v2\/posts\/40006\/revisions"}],"wp:featuredmedia":[{"embeddable":true,"href":"https:\/\/www.radiopresidenteibanez.cl\/web\/wp-json\/wp\/v2\/media\/40007"}],"wp:attachment":[{"href":"https:\/\/www.radiopresidenteibanez.cl\/web\/wp-json\/wp\/v2\/media?parent=40006"}],"wp:term":[{"taxonomy":"category","embeddable":true,"href":"https:\/\/www.radiopresidenteibanez.cl\/web\/wp-json\/wp\/v2\/categories?post=40006"},{"taxonomy":"post_tag","embeddable":true,"href":"https:\/\/www.radiopresidenteibanez.cl\/web\/wp-json\/wp\/v2\/tags?post=40006"}],"curies":[{"name":"wp","href":"https:\/\/api.w.org\/{rel}","templated":true}]}}