{"id":40,"date":"2018-12-24T20:34:03","date_gmt":"2018-12-24T20:34:03","guid":{"rendered":"http:\/\/www.radiopresidenteibanez.cl\/web\/?p=40"},"modified":"2018-12-24T21:36:10","modified_gmt":"2018-12-24T21:36:10","slug":"felices-fiestas-para-todos-parvulos-celebraron-la-navidad-con-el-viejo-pascuero-del-hospital-clinico-magallanes","status":"publish","type":"post","link":"https:\/\/www.radiopresidenteibanez.cl\/web\/felices-fiestas-para-todos-parvulos-celebraron-la-navidad-con-el-viejo-pascuero-del-hospital-clinico-magallanes\/","title":{"rendered":"\u00a1FELICES FIESTAS PARA TODOS! P\u00c1RVULOS CELEBRARON LA NAVIDAD CON EL VIEJO PASCUERO DEL HOSPITAL CL\u00cdNICO MAGALLANES"},"content":{"rendered":"\n<p>\nEn una verdadera \nfiesta de paz y armon\u00eda, los p\u00e1rvulos del jard\u00edn infantil y sala cuna \nKeola Kipa de Fundaci\u00f3n Integra, celebraron la Navidad en compa\u00f1\u00eda del \nViejo Pascuero y una delegaci\u00f3n del Centro de Responsabilidad de \nMedicina del Hospital Cl\u00ednico Magallanes.\n<br><br>Con gran alegr\u00eda, m\u00e1s de 50 ni\u00f1os y ni\u00f1as pudieron disfrutar de la \nsorpresa preparada por el equipo cl\u00ednico del Centro de Responsabilidad \nde Medicina del Hospital Cl\u00ednico Magallanes, quienes decidieron \napadrinar por primera ocasi\u00f3n al jard\u00edn infantil. \u201cNos sentimos muy \norgullosos de esta noble iniciativa en beneficio de nuestros ni\u00f1os y \nni\u00f1as, pues estos profesionales de la salud, fueron m\u00e1s all\u00e1 de sus \nobligaciones, y de coraz\u00f3n han venido a regalarles alegr\u00eda en estas \nfechas fiestas importantes, apoyando nuestra labor institucional de \nofrecer espacios seguros y de buen trato, y una educaci\u00f3n de calidad a \nla primera infancia\u201d, dijo entusiasmada la directora regional de \nFundaci\u00f3n Integra, Laura Campos Mu\u00f1oz.\n<br><br>Con una gran ovaci\u00f3n, los p\u00e1rvulos recibieron la visita del Viejo \nPascuero del Hospital Cl\u00ednico quien, adem\u00e1s llev\u00f3 regalos para todas y \ntodos ellos, quienes no dudaron en abrirlos de inmediato. Por su parte, \ndra. Bellanides Mansilla, se\u00f1al\u00f3 que \u201cen el servicio nos organizamos \npara entregar regalos a todos los ni\u00f1os de este jard\u00edn, son ni\u00f1os de \nedades desde tres meses a cuatro a\u00f1os y la iniciativa se gest\u00f3 despu\u00e9s \nde una reuni\u00f3n de equipo en la que se plante\u00f3 hacer algo solidario y \nvoluntario con los ni\u00f1os. Fue una instancia que gener\u00f3 mucha motivaci\u00f3n \nentre el personal y sobre todo poder entregar un momento de alegr\u00eda a \ntodos ellos\u201d.\n\n\n<\/p>\n","protected":false},"excerpt":{"rendered":"<p>En una verdadera fiesta de paz y armon\u00eda, los p\u00e1rvulos del jard\u00edn infantil y sala cuna Keola Kipa de Fundaci\u00f3n Integra, celebraron la Navidad en compa\u00f1\u00eda del Viejo Pascuero y&#8230; <a class=\"read-more\" href=\"https:\/\/www.radiopresidenteibanez.cl\/web\/felices-fiestas-para-todos-parvulos-celebraron-la-navidad-con-el-viejo-pascuero-del-hospital-clinico-magallanes\/\">Leer m\u00e1s<\/a><\/p>\n","protected":false},"author":1,"featured_media":41,"comment_status":"closed","ping_status":"closed","sticky":false,"template":"","format":"standard","meta":{"footnotes":""},"categories":[1,4],"tags":[13,19,21,12,20,17,11,18],"class_list":["post-40","post","type-post","status-publish","format-standard","has-post-thumbnail","hentry","category-cronica","category-entretenimiento-y-cultura","tag-chile","tag-fiestas","tag-hospital-clinico","tag-magallanes","tag-navidad","tag-parvulos","tag-punta-arenas","tag-viejo-pascuero"],"_links":{"self":[{"href":"https:\/\/www.radiopresidenteibanez.cl\/web\/wp-json\/wp\/v2\/posts\/40","targetHints":{"allow":["GET"]}}],"collection":[{"href":"https:\/\/www.radiopresidenteibanez.cl\/web\/wp-json\/wp\/v2\/posts"}],"about":[{"href":"https:\/\/www.radiopresidenteibanez.cl\/web\/wp-json\/wp\/v2\/types\/post"}],"author":[{"embeddable":true,"href":"https:\/\/www.radiopresidenteibanez.cl\/web\/wp-json\/wp\/v2\/users\/1"}],"replies":[{"embeddable":true,"href":"https:\/\/www.radiopresidenteibanez.cl\/web\/wp-json\/wp\/v2\/comments?post=40"}],"version-history":[{"count":0,"href":"https:\/\/www.radiopresidenteibanez.cl\/web\/wp-json\/wp\/v2\/posts\/40\/revisions"}],"wp:featuredmedia":[{"embeddable":true,"href":"https:\/\/www.radiopresidenteibanez.cl\/web\/wp-json\/wp\/v2\/media\/41"}],"wp:attachment":[{"href":"https:\/\/www.radiopresidenteibanez.cl\/web\/wp-json\/wp\/v2\/media?parent=40"}],"wp:term":[{"taxonomy":"category","embeddable":true,"href":"https:\/\/www.radiopresidenteibanez.cl\/web\/wp-json\/wp\/v2\/categories?post=40"},{"taxonomy":"post_tag","embeddable":true,"href":"https:\/\/www.radiopresidenteibanez.cl\/web\/wp-json\/wp\/v2\/tags?post=40"}],"curies":[{"name":"wp","href":"https:\/\/api.w.org\/{rel}","templated":true}]}}