{"id":39969,"date":"2023-05-26T14:42:00","date_gmt":"2023-05-26T17:42:00","guid":{"rendered":"https:\/\/www.radiopresidenteibanez.cl\/web\/?p=39969"},"modified":"2023-05-29T16:03:31","modified_gmt":"2023-05-29T19:03:31","slug":"a-los-82-anos-muere-daniel-toro-ganador-del-festival-folclorico-en-la-patagonia","status":"publish","type":"post","link":"https:\/\/www.radiopresidenteibanez.cl\/web\/a-los-82-anos-muere-daniel-toro-ganador-del-festival-folclorico-en-la-patagonia\/","title":{"rendered":"A LOS 82 A\u00d1OS MUERE DANIEL TORO, GANADOR DEL FESTIVAL FOLCL\u00d3RICO EN LA PATAGONIA."},"content":{"rendered":"\n<p>En Salta falleci\u00f3 el creador de Zamba para Olvidarte, Mi Carga, Palomita de Chile, Mi Mariposa Triste y Ternura de mi Vida.<\/p>\n\n\n\n<p>25 de mayo es el D\u00eda de la Patria en Argentina debido a que se conmemora la Revoluci\u00f3n de Mayo, y es tambi\u00e9n en este d\u00eda que se va f\u00edsicamente Daniel Cancio Toro, uno de los m\u00e1s renombrados cantantes del folclore argentino. Desde 1959 integr\u00f3 varios conjuntos folcl\u00f3ricos como Los Tabacaleros, Los Forasteros, Los Vi\u00f1ateros y Los Nombradores. En 1966 inici\u00f3 su carrera solista.<\/p>\n\n\n\n<p>En 1967 obtuvo un impresionante \u00e9xito en el Festival de Cosqu\u00edn, donde recibi\u00f3 el Premio Consagraci\u00f3n por Mejor Folclorista.<\/p>\n\n\n\n<p>En 1970 gan\u00f3 el II Festival Folcl\u00f3rico en la Patagonia con la canci\u00f3n \u00abTernura de mi vida\u00bb, de su autor\u00eda, junto a Alberto Frontero. Fue tanto el cari\u00f1o que le brind\u00f3 el p\u00fablico magall\u00e1nico que al poco tiempo nos deja la canci\u00f3n \u201cPalomita de Chile\u201d, no en la competencia sino como una muestra de agradecimiento.<\/p>\n\n\n\n<p>El 18 de agosto de 1975 Patagonia 4 gana el VII Festival Folcl\u00f3rico en la Patagonia con su tema \u00abCuatrero\u00bb. En canci\u00f3n argentina, el premio es para \u00abMi Carga\u00bb de Horacio Guill\u00e9n y Daniel Toro, con el Cuarteto Nuestro Tiempo.<\/p>\n\n\n\n<p>Por la misma \u00e9poca, Daniel Toro compone, junto a Julio Fontana, los dos temas que lo hicieron quedarse para siempre en el coraz\u00f3n de los magall\u00e1nicos: \u201cZamba para olvidarte\u201d y \u201cMi mariposa triste\u201d, que adem\u00e1s fueron grabadas por Los Tucu Tucu, favoritos tambi\u00e9n de los patag\u00f3nicos.<\/p>\n\n\n\n<p>Durante la \u00faltima dictadura c\u00edvico-militar argentina (1976-1983), Daniel Toro integr\u00f3 las listas negras y sus canciones fueron prohibidas. En esa \u00e9poca, para evitar la censura, utiliz\u00f3 el seud\u00f3nimo de Casimiro Cobos. \u201cCuando tenga la tierra\u201d fue una de las canciones que significaron que fuera proscrito. &nbsp;No lo mataron, pero hicieron desaparecer las matrices de sus discos. Cuando comenz\u00f3 a regrabar toda su obra se le manifest\u00f3 con todo un c\u00e1ncer de garganta por el que luego se le debi\u00f3 extirpar las cuerdas vocales. Por esa raz\u00f3n debi\u00f3 dejar de cantar muchos a\u00f1os, hasta que en 1985 volvi\u00f3 a los escenarios.<\/p>\n\n\n\n<p>Se calcula que compuso m\u00e1s de mil canciones, entre ellas varias que se han vuelto cl\u00e1sicas del cancionero argentino e hispanoamericano, como \u201cPara ir a buscarte\u201d, \u201cCuando tenga la tierra\u201d con Ariel Petrocelli, \u201cEl Cristo Americano\u201d, \u201cNostalgia m\u00eda\u201d, \u201cPastorcita perdida\u201d, \u201cZamba de tu presencia\u201d, \u201cEl antigal\u201d (con Lito Nieva y Ariel Petrocelli) o \u00abMi principito\u00bb (con N\u00e9stor C\u00e9sar Miguens). Sobre su coterr\u00e1neo salte\u00f1o Petrocelli dijo que fue su letrista favorito, porque escrib\u00eda como un sabio, y que aprendi\u00f3 a ponerle m\u00fasica a sus letras sin entender lo que dec\u00eda.&nbsp; \u201cPara ir a buscarte\u201d fue un encargo para darle serenata a su entonces novia y que fue su compa\u00f1era de toda la vida: Beatriz Cristina Sigaudi, fallecida en mayo del 2020.&nbsp; Era 1967, ten\u00eda 17 a\u00f1os, y comenzaba su brillante carrera como profesional despu\u00e9s de haber  cantando tangos en una radio de Salta.<\/p>\n\n\n\n<p>Considerado como el \u00faltimo gran \u00eddolo del folclore sudamericano, su legado es tal que ha influenciado a la mayor parte de los m\u00fasicos contempor\u00e1neos del g\u00e9nero, recibiendo continuamente numerosos homenajes y galardones desde diversos pa\u00edses, sin duda falt\u00f3 el merecido reconocimiento que le debe Magallanes, y que ya no ser\u00e1 posible en vida.&nbsp; Daniel Toro naci\u00f3 en Salta el 3 de enero de 1941. Falleci\u00f3 en su ciudad natal el 25 de mayo de 2023, a los 82 a\u00f1os.<\/p>\n\n\n\n<p>                                                                                                                          Blas Saldivia Bahamonde<\/p>\n\n\n\n<p><\/p>\n\n\n\n<p class=\"has-text-align-center\"><strong>ACTUACI\u00d3N DE DANIEL Y CLAUDIO TORO EN<\/strong> <strong>EL GIMNASIO DE LA CONFEDERACI\u00d3N DEPORTIVA<\/strong>.<\/p>\n\n\n\n<p>Gimnasio Cubierto &#8211; junio 1985.<\/p>\n\n\n\n<figure class=\"wp-block-audio\"><audio controls src=\"https:\/\/www.radiopresidenteibanez.cl\/web\/wp-content\/uploads\/2023\/05\/DANIEL-TORO-ACTUACION-GIMNASIO-CUBIERTO.mp3\"><\/audio><\/figure>\n\n\n\n<figure class=\"wp-block-image size-large\"><img loading=\"lazy\" decoding=\"async\" width=\"1455\" height=\"817\" src=\"https:\/\/www.radiopresidenteibanez.cl\/web\/wp-content\/uploads\/2023\/05\/Daniel-Toro-edited.jpeg\" alt=\"\" class=\"wp-image-39989\" srcset=\"https:\/\/www.radiopresidenteibanez.cl\/web\/wp-content\/uploads\/2023\/05\/Daniel-Toro-edited.jpeg 1455w, https:\/\/www.radiopresidenteibanez.cl\/web\/wp-content\/uploads\/2023\/05\/Daniel-Toro-edited-300x168.jpeg 300w, https:\/\/www.radiopresidenteibanez.cl\/web\/wp-content\/uploads\/2023\/05\/Daniel-Toro-edited-1024x575.jpeg 1024w, https:\/\/www.radiopresidenteibanez.cl\/web\/wp-content\/uploads\/2023\/05\/Daniel-Toro-edited-768x431.jpeg 768w\" sizes=\"auto, (max-width: 1455px) 100vw, 1455px\" \/><\/figure>\n\n\n\n<p>Daniel Toro junto al personal de Radio Presidente Ib\u00e1\u00f1ez. 1985. Aparecen tambi\u00e9n Reynaldo Daniel Altamirano (Los Altamirano y Los de Siempre); Juan Carlos Moreno (Los Fronterizos) recientemente fallecido; y el c\u00f3nsul argentino Horacio Chaliang. (Gracias a Francisco P\u00e9rez San Juan y V\u00edctor Low por la informaci\u00f3n entregada.)<\/p>\n\n\n\n<p>Hoy viernes; en el programa La Caverna presentaremos un especial con la actuaci\u00f3n de Daniel Toro en Punta Arenas, y tambi\u00e9n algunas de sus canciones emblem\u00e1ticas por otros int\u00e9rpretes y \u00e9l mismo.<\/p>\n","protected":false},"excerpt":{"rendered":"<p>En Salta falleci\u00f3 el creador de Zamba para Olvidarte, Mi Carga, Palomita de Chile, Mi Mariposa Triste y Ternura de mi Vida. 25 de mayo es el D\u00eda de la&#8230; <a class=\"read-more\" href=\"https:\/\/www.radiopresidenteibanez.cl\/web\/a-los-82-anos-muere-daniel-toro-ganador-del-festival-folclorico-en-la-patagonia\/\">Leer m\u00e1s<\/a><\/p>\n","protected":false},"author":2,"featured_media":39970,"comment_status":"closed","ping_status":"closed","sticky":false,"template":"","format":"standard","meta":{"footnotes":""},"categories":[8,1],"tags":[109],"class_list":["post-39969","post","type-post","status-publish","format-standard","has-post-thumbnail","hentry","category-audios","category-cronica","tag-daniel-toro"],"_links":{"self":[{"href":"https:\/\/www.radiopresidenteibanez.cl\/web\/wp-json\/wp\/v2\/posts\/39969","targetHints":{"allow":["GET"]}}],"collection":[{"href":"https:\/\/www.radiopresidenteibanez.cl\/web\/wp-json\/wp\/v2\/posts"}],"about":[{"href":"https:\/\/www.radiopresidenteibanez.cl\/web\/wp-json\/wp\/v2\/types\/post"}],"author":[{"embeddable":true,"href":"https:\/\/www.radiopresidenteibanez.cl\/web\/wp-json\/wp\/v2\/users\/2"}],"replies":[{"embeddable":true,"href":"https:\/\/www.radiopresidenteibanez.cl\/web\/wp-json\/wp\/v2\/comments?post=39969"}],"version-history":[{"count":0,"href":"https:\/\/www.radiopresidenteibanez.cl\/web\/wp-json\/wp\/v2\/posts\/39969\/revisions"}],"wp:featuredmedia":[{"embeddable":true,"href":"https:\/\/www.radiopresidenteibanez.cl\/web\/wp-json\/wp\/v2\/media\/39970"}],"wp:attachment":[{"href":"https:\/\/www.radiopresidenteibanez.cl\/web\/wp-json\/wp\/v2\/media?parent=39969"}],"wp:term":[{"taxonomy":"category","embeddable":true,"href":"https:\/\/www.radiopresidenteibanez.cl\/web\/wp-json\/wp\/v2\/categories?post=39969"},{"taxonomy":"post_tag","embeddable":true,"href":"https:\/\/www.radiopresidenteibanez.cl\/web\/wp-json\/wp\/v2\/tags?post=39969"}],"curies":[{"name":"wp","href":"https:\/\/api.w.org\/{rel}","templated":true}]}}