{"id":39964,"date":"2023-05-25T18:58:00","date_gmt":"2023-05-25T21:58:00","guid":{"rendered":"https:\/\/www.radiopresidenteibanez.cl\/web\/?p=39964"},"modified":"2023-05-25T16:12:21","modified_gmt":"2023-05-25T19:12:21","slug":"slep-magallanes-pone-en-marcha-primera-mesa-de-educacion-especial-en-la-region","status":"publish","type":"post","link":"https:\/\/www.radiopresidenteibanez.cl\/web\/slep-magallanes-pone-en-marcha-primera-mesa-de-educacion-especial-en-la-region\/","title":{"rendered":"SLEP MAGALLANES PONE EN MARCHA PRIMERA MESA DE EDUCACI\u00d3N ESPECIAL EN LA REGI\u00d3N"},"content":{"rendered":"\n<p>La primera reuni\u00f3n para conformar la primera <strong>mesa de la educaci\u00f3n especial,<\/strong> fue llevada a cabo en dependencias del Servicio Local de Educaci\u00f3n P\u00fablica de Magallanes, instancia que convoc\u00f3 a equipos profesionales de los establecimientos educacionales p\u00fablicos de la regi\u00f3n.<\/p>\n\n\n\n<p>El objetivo de esta mesa de trabajo es abordar la integraci\u00f3n (y no discriminaci\u00f3n), de estudiantes con necesidades educativas permanentes en los establecimientos, proceso en el cual el SLEP Magallanes deber\u00e1 implementar acciones que estar\u00e1n a cargo de la subdirectora de la Unidad de Apoyo T\u00e9cnico Pedag\u00f3gico, Elizabeth Ar\u00e1nguiz.<\/p>\n\n\n\n<p>Como lo destac\u00f3 <strong>Mario Garc\u00eda Mart\u00ednez, director ejecutivo del Servicio de Educaci\u00f3n P\u00fablica de Magallanes, <\/strong>\u201cesta actividad se enmarca en el proceso de vinculaci\u00f3n territorial del SLEP Magallanes con los actores locales, con el objetivo de articular y vincular acciones que permitan conocer y fortalecer el contexto en el que se desarrolla la educaci\u00f3n especial en la regi\u00f3n, para mejorar las brechas que permitan potenciar las trayectorias formativas de los y las estudiantes\u201d.&nbsp;<\/p>\n\n\n\n<p><br>La mesa se reunir\u00e1 bimensualmente, iniciando su trabajo con el levantamiento de informaci\u00f3n diagn\u00f3stica de los establecimientos educacionales que pasar\u00e1n a formar parte de la nueva educaci\u00f3n p\u00fablica, con el objetivo de visualizar potenciales l\u00edneas de trabajo.<\/p>\n\n\n\n<p>Junto a lo anterior, tambi\u00e9n se abordar\u00e1 la posibilidad de elaborar un estudio sobre trayectorias formativas de los y las estudiantes de educaci\u00f3n especial y sus proyecciones, una vez que egresan del sistema educativo.<\/p>\n\n\n\n<p>Esta mesa es liderada por el director ejecutivo del SLEP Magallanes, Mario Garc\u00eda, coordinada por la subdirectora de la Unidad de Apoyo T\u00e9cnico Pedag\u00f3gico de este servicio Elizabeth Ar\u00e1nguiz y cuenta con la participaci\u00f3n de SENADIS, Escuelas Rotario Paul Harris y Nicol\u00e1s Mladinic; Centro de Capacitaci\u00f3n Laboral Le\u00f3n Humberto Seguel; Departamento de Educaci\u00f3n de la SECREDUC; Centro de Educaci\u00f3n Tecnol\u00f3gica de la UMAG; coordinaci\u00f3n PIE de la CORMUPA, y Departamento Provincial de Educaci\u00f3n, Deprov.<\/p>\n","protected":false},"excerpt":{"rendered":"<p>La primera reuni\u00f3n para conformar la primera mesa de la educaci\u00f3n especial, fue llevada a cabo en dependencias del Servicio Local de Educaci\u00f3n P\u00fablica de Magallanes, instancia que convoc\u00f3 a&#8230; <a class=\"read-more\" href=\"https:\/\/www.radiopresidenteibanez.cl\/web\/slep-magallanes-pone-en-marcha-primera-mesa-de-educacion-especial-en-la-region\/\">Leer m\u00e1s<\/a><\/p>\n","protected":false},"author":2,"featured_media":39965,"comment_status":"closed","ping_status":"closed","sticky":false,"template":"","format":"standard","meta":{"footnotes":""},"categories":[1],"tags":[],"class_list":["post-39964","post","type-post","status-publish","format-standard","has-post-thumbnail","hentry","category-cronica"],"_links":{"self":[{"href":"https:\/\/www.radiopresidenteibanez.cl\/web\/wp-json\/wp\/v2\/posts\/39964","targetHints":{"allow":["GET"]}}],"collection":[{"href":"https:\/\/www.radiopresidenteibanez.cl\/web\/wp-json\/wp\/v2\/posts"}],"about":[{"href":"https:\/\/www.radiopresidenteibanez.cl\/web\/wp-json\/wp\/v2\/types\/post"}],"author":[{"embeddable":true,"href":"https:\/\/www.radiopresidenteibanez.cl\/web\/wp-json\/wp\/v2\/users\/2"}],"replies":[{"embeddable":true,"href":"https:\/\/www.radiopresidenteibanez.cl\/web\/wp-json\/wp\/v2\/comments?post=39964"}],"version-history":[{"count":0,"href":"https:\/\/www.radiopresidenteibanez.cl\/web\/wp-json\/wp\/v2\/posts\/39964\/revisions"}],"wp:featuredmedia":[{"embeddable":true,"href":"https:\/\/www.radiopresidenteibanez.cl\/web\/wp-json\/wp\/v2\/media\/39965"}],"wp:attachment":[{"href":"https:\/\/www.radiopresidenteibanez.cl\/web\/wp-json\/wp\/v2\/media?parent=39964"}],"wp:term":[{"taxonomy":"category","embeddable":true,"href":"https:\/\/www.radiopresidenteibanez.cl\/web\/wp-json\/wp\/v2\/categories?post=39964"},{"taxonomy":"post_tag","embeddable":true,"href":"https:\/\/www.radiopresidenteibanez.cl\/web\/wp-json\/wp\/v2\/tags?post=39964"}],"curies":[{"name":"wp","href":"https:\/\/api.w.org\/{rel}","templated":true}]}}