{"id":39961,"date":"2023-05-25T17:46:00","date_gmt":"2023-05-25T20:46:00","guid":{"rendered":"https:\/\/www.radiopresidenteibanez.cl\/web\/?p=39961"},"modified":"2023-05-25T15:49:39","modified_gmt":"2023-05-25T18:49:39","slug":"expresiones-musicales-teatrales-y-laboratorios-abiertos-presentara-la-umag-en-el-dia-de-los-patyrimonios","status":"publish","type":"post","link":"https:\/\/www.radiopresidenteibanez.cl\/web\/expresiones-musicales-teatrales-y-laboratorios-abiertos-presentara-la-umag-en-el-dia-de-los-patyrimonios\/","title":{"rendered":"EXPRESIONES MUSICALES, TEATRALES Y LABORATORIOS ABIERTOS PRESENTARA LA UMAG EN EL DIA DE LOS PATYRIMONIOS"},"content":{"rendered":"\n<p>La Universidad de Magallanes participar\u00e1 en el pr\u00f3ximo D\u00cdA DE LOS PATRIMONIOS, llevando a cabo variadas actividades abiertas a toda la comunidad magall\u00e1nica. Estas comenzar\u00e1n el d\u00eda viernes 26 a las 10:00 hrs., con un hito de lanzamiento en el auditorio \u00abErnesto Livacic\u00bb (Facultad de Ingenier\u00eda UMAG) que incluir\u00e1 la presentaci\u00f3n del libro \u00abEstudios del Extremo Austral del continente\u00bb, que contar\u00e1 con la presentaci\u00f3n de Mar\u00eda Valeria \u00c1lvarez, Juan Ram\u00f3n Vilaboa y Silvina L\u00f3pez Rivera, con la moderaci\u00f3n de Rodrigo Gonz\u00e1lez.<\/p>\n\n\n\n<p>El s\u00e1bado 27 las actividades continuar\u00e1n en el Conservatorio de M\u00fasica, que abrir\u00e1 sus puertas a las 10.00 horas y efectuar\u00e1 visitas guiadas. Se realizar\u00e1n muestras musicales de profesores y estudiantes, con un ensayo abierto de las orquestas infantil y preparatoria (11.00 horas) y una muestra del Taller de Jazz y de Guitarra (16.00 horas). Adem\u00e1s, estar\u00e1n a disposici\u00f3n del p\u00fablico las exposiciones \u00abPintando una historia de millones de a\u00f1os\u00bb (pinturas sobre f\u00f3siles realizadas por el Colectivo de Artes Matices), \u00abCamino interior\u00bb (fotograf\u00edas y m\u00fasica del periodista&nbsp;Rafael&nbsp;Cheuquelaf) y el podcast \u00abVoces de infancias australes\u00bb (muestra de registros sonoros).<\/p>\n\n\n\n<p>El domingo 28 el Instituto de la Patagonia y el Museo del Recuerdo albergar\u00e1n m\u00e1s actividades, tambi\u00e9n abiertas a todo p\u00fablico a partir de las 11.00 horas. Estas incluyen exposiciones de f\u00f3siles de peces de la Colecci\u00f3n Paleontol\u00f3gica, sobre los humedales de Punta Arenas (Agrupaci\u00f3n Ecol\u00f3gica Patag\u00f3nica Humedal Tres Puentes y proyecto Humedales Urbanos) y obras del museo fueguino de arte \u00abNini Bernardello\u00bb (R\u00edo Grande, Argentina), presentaciones del grupo folcl\u00f3rico AFUMAG y del Coro UMAG, radioteatro sobre cine en Magallanes \u00abButaca 43\u00bb y taller de ejercicio literario en torno a la memoria. Adem\u00e1s, se efectuar\u00e1n recorridos guiados por el Museo del Recuerdo y se encontrar\u00e1 abierto el Centro de Estudios de Historia y Arqueolog\u00eda (CEHA). Tambi\u00e9n habr\u00e1 actividades para ni\u00f1os, con un rinc\u00f3n infantil en el Centro de Documentaci\u00f3n y el taller \u00abAnt\u00e1rtica Sorprendente\u00bb realizado por GAIA Ant\u00e1rtica.<\/p>\n","protected":false},"excerpt":{"rendered":"<p>La Universidad de Magallanes participar\u00e1 en el pr\u00f3ximo D\u00cdA DE LOS PATRIMONIOS, llevando a cabo variadas actividades abiertas a toda la comunidad magall\u00e1nica. Estas comenzar\u00e1n el d\u00eda viernes 26 a&#8230; <a class=\"read-more\" href=\"https:\/\/www.radiopresidenteibanez.cl\/web\/expresiones-musicales-teatrales-y-laboratorios-abiertos-presentara-la-umag-en-el-dia-de-los-patyrimonios\/\">Leer m\u00e1s<\/a><\/p>\n","protected":false},"author":2,"featured_media":39962,"comment_status":"closed","ping_status":"closed","sticky":false,"template":"","format":"standard","meta":{"footnotes":""},"categories":[1],"tags":[],"class_list":["post-39961","post","type-post","status-publish","format-standard","has-post-thumbnail","hentry","category-cronica"],"_links":{"self":[{"href":"https:\/\/www.radiopresidenteibanez.cl\/web\/wp-json\/wp\/v2\/posts\/39961","targetHints":{"allow":["GET"]}}],"collection":[{"href":"https:\/\/www.radiopresidenteibanez.cl\/web\/wp-json\/wp\/v2\/posts"}],"about":[{"href":"https:\/\/www.radiopresidenteibanez.cl\/web\/wp-json\/wp\/v2\/types\/post"}],"author":[{"embeddable":true,"href":"https:\/\/www.radiopresidenteibanez.cl\/web\/wp-json\/wp\/v2\/users\/2"}],"replies":[{"embeddable":true,"href":"https:\/\/www.radiopresidenteibanez.cl\/web\/wp-json\/wp\/v2\/comments?post=39961"}],"version-history":[{"count":0,"href":"https:\/\/www.radiopresidenteibanez.cl\/web\/wp-json\/wp\/v2\/posts\/39961\/revisions"}],"wp:featuredmedia":[{"embeddable":true,"href":"https:\/\/www.radiopresidenteibanez.cl\/web\/wp-json\/wp\/v2\/media\/39962"}],"wp:attachment":[{"href":"https:\/\/www.radiopresidenteibanez.cl\/web\/wp-json\/wp\/v2\/media?parent=39961"}],"wp:term":[{"taxonomy":"category","embeddable":true,"href":"https:\/\/www.radiopresidenteibanez.cl\/web\/wp-json\/wp\/v2\/categories?post=39961"},{"taxonomy":"post_tag","embeddable":true,"href":"https:\/\/www.radiopresidenteibanez.cl\/web\/wp-json\/wp\/v2\/tags?post=39961"}],"curies":[{"name":"wp","href":"https:\/\/api.w.org\/{rel}","templated":true}]}}