{"id":3996,"date":"2019-05-08T14:34:17","date_gmt":"2019-05-08T14:34:17","guid":{"rendered":"http:\/\/www.radiopresidenteibanez.cl\/web\/?p=3996"},"modified":"2019-05-08T14:34:50","modified_gmt":"2019-05-08T14:34:50","slug":"encuesta-cual-seria-la-mejor-opcion-de-alcalde-o-alcaldesa-para-el-municipio-de-punta-arenas","status":"publish","type":"post","link":"https:\/\/www.radiopresidenteibanez.cl\/web\/encuesta-cual-seria-la-mejor-opcion-de-alcalde-o-alcaldesa-para-el-municipio-de-punta-arenas\/","title":{"rendered":"(ENCUESTA) \u00bfCU\u00c1L SER\u00cdA LA MEJOR OPCI\u00d3N DE ALCALDE O ALCALDESA PARA EL MUNICIPIO DE PUNTA ARENAS?"},"content":{"rendered":"\n<p>Ya se comienzan a mover las piezas de cara a lo que ser\u00e1 las\nelecciones para Gobernador Regional y Municipales entre esos para llevar al\nsill\u00f3n de la alcald\u00eda de las diferentes ciudad y comunas de la Regi\u00f3n de\nMagallanes y Ant\u00e1rtica Chilena.<\/p>\n\n\n\n<p>En Punta Arenas, se han escuchado varios nombres entre ellos; Ver\u00f3nica Aguilar, Emilio Boccazzi, Claudio Radonich y Dalivor Eterovic, en su parecer \u00bfCu\u00e1l es la mejor opci\u00f3n?, puede ingresar su voto en el siguiente espacio.<\/p>\n\n\n<p>[poll id=\u00bb3&#8243;]<\/p>\n\n\n\n<figure class=\"wp-block-image\"><img loading=\"lazy\" decoding=\"async\" width=\"1024\" height=\"576\" src=\"https:\/\/www.radiopresidenteibanez.cl\/web\/wp-content\/uploads\/2019\/05\/Marielle-Price-1024x576.png\" alt=\"\" class=\"wp-image-3997\" srcset=\"https:\/\/www.radiopresidenteibanez.cl\/web\/wp-content\/uploads\/2019\/05\/Marielle-Price-1024x576.png 1024w, https:\/\/www.radiopresidenteibanez.cl\/web\/wp-content\/uploads\/2019\/05\/Marielle-Price-300x169.png 300w, https:\/\/www.radiopresidenteibanez.cl\/web\/wp-content\/uploads\/2019\/05\/Marielle-Price-768x432.png 768w, https:\/\/www.radiopresidenteibanez.cl\/web\/wp-content\/uploads\/2019\/05\/Marielle-Price.png 1920w\" sizes=\"auto, (max-width: 1024px) 100vw, 1024px\" \/><\/figure>\n","protected":false},"excerpt":{"rendered":"<p>Ya se comienzan a mover las piezas de cara a lo que ser\u00e1 las elecciones para Gobernador Regional y Municipales entre esos para llevar al sill\u00f3n de la alcald\u00eda de&#8230; <a class=\"read-more\" href=\"https:\/\/www.radiopresidenteibanez.cl\/web\/encuesta-cual-seria-la-mejor-opcion-de-alcalde-o-alcaldesa-para-el-municipio-de-punta-arenas\/\">Leer m\u00e1s<\/a><\/p>\n","protected":false},"author":2,"featured_media":3997,"comment_status":"closed","ping_status":"closed","sticky":false,"template":"","format":"standard","meta":{"footnotes":""},"categories":[5],"tags":[],"class_list":["post-3996","post","type-post","status-publish","format-standard","has-post-thumbnail","hentry","category-politica"],"_links":{"self":[{"href":"https:\/\/www.radiopresidenteibanez.cl\/web\/wp-json\/wp\/v2\/posts\/3996","targetHints":{"allow":["GET"]}}],"collection":[{"href":"https:\/\/www.radiopresidenteibanez.cl\/web\/wp-json\/wp\/v2\/posts"}],"about":[{"href":"https:\/\/www.radiopresidenteibanez.cl\/web\/wp-json\/wp\/v2\/types\/post"}],"author":[{"embeddable":true,"href":"https:\/\/www.radiopresidenteibanez.cl\/web\/wp-json\/wp\/v2\/users\/2"}],"replies":[{"embeddable":true,"href":"https:\/\/www.radiopresidenteibanez.cl\/web\/wp-json\/wp\/v2\/comments?post=3996"}],"version-history":[{"count":0,"href":"https:\/\/www.radiopresidenteibanez.cl\/web\/wp-json\/wp\/v2\/posts\/3996\/revisions"}],"wp:featuredmedia":[{"embeddable":true,"href":"https:\/\/www.radiopresidenteibanez.cl\/web\/wp-json\/wp\/v2\/media\/3997"}],"wp:attachment":[{"href":"https:\/\/www.radiopresidenteibanez.cl\/web\/wp-json\/wp\/v2\/media?parent=3996"}],"wp:term":[{"taxonomy":"category","embeddable":true,"href":"https:\/\/www.radiopresidenteibanez.cl\/web\/wp-json\/wp\/v2\/categories?post=3996"},{"taxonomy":"post_tag","embeddable":true,"href":"https:\/\/www.radiopresidenteibanez.cl\/web\/wp-json\/wp\/v2\/tags?post=3996"}],"curies":[{"name":"wp","href":"https:\/\/api.w.org\/{rel}","templated":true}]}}