{"id":39943,"date":"2023-05-25T11:20:00","date_gmt":"2023-05-25T14:20:00","guid":{"rendered":"https:\/\/www.radiopresidenteibanez.cl\/web\/?p=39943"},"modified":"2023-05-25T09:48:18","modified_gmt":"2023-05-25T12:48:18","slug":"carabineros-se-capacita-en-materias-de-genero-inclusion-y-derechos-del-consumidor","status":"publish","type":"post","link":"https:\/\/www.radiopresidenteibanez.cl\/web\/carabineros-se-capacita-en-materias-de-genero-inclusion-y-derechos-del-consumidor\/","title":{"rendered":"CARABINEROS SE CAPACITA EN MATERIAS DE G\u00c9NERO, INCLUSI\u00d3N Y DERECHOS DEL CONSUMIDOR"},"content":{"rendered":"\n<p>Durante la semana reci\u00e9n pasada personal de Carabineros de diversas unidades y secciones de esta regi\u00f3n se capacita en Derechos Humanos aplicables a la funci\u00f3n policial. La 2da. versi\u00f3n de esta actividad, que es coordinada por la Secci\u00f3n de Derechos Humanos y Protecci\u00f3n de la Familia de la Zona Magallanes y Ant\u00e1rtica chilena, cont\u00f3 con la participaci\u00f3n de: Sintia Orellana Y\u00e9venes, Directora de G\u00e9nero, Equidad y Diversidad de la Universidad de Magallanes y abogada integrante de la Corte de Apelaciones de Punta Arenas; Pamela Ram\u00edrez Jaramillo, Directora Regional del Servicio Nacional del Consumidor (SERNAC); Amanda Hurtado Contreras, abogada de la Fiscal\u00eda Regional de Magallanes; y Diana B\u00f3rquez Urra, de la Agrupaci\u00f3n de Amigos de los Ciegos (AGACI).<\/p>\n\n\n\n<p>Diana B\u00f3rquez Urra, de AGACI se\u00f1al\u00f3: \u201cNos encant\u00f3 la predisposici\u00f3n de todos los funcionarios que participaron de la actividad, habidos para aprender y prestos absolutamente, un grupo que se focaliz\u00f3 absolutamente en el tema. Esperamos que se genere un efecto multiplicador para el resto del personal, produciendo un semillero. Adem\u00e1s quiero destacar el hecho que una agrupaci\u00f3n de personas ciegas y con discapacidad visual, capacite a personal de Carabineros de forma directa, creo que es una experiencia pionera en todo Chile.\u201d<\/p>\n\n\n\n<p>\u201cAsist\u00ed a impartir esta charla junto a Dayana Mora Garc\u00eda, Psic\u00f3loga Jefa de la Unidad de Prevenci\u00f3n y Acompa\u00f1amiento en Materias de Acoso, Violencia y Discriminaci\u00f3n de la Direcci\u00f3n de G\u00e9nero, los t\u00f3picos a tratar en esta capacitaci\u00f3n fueron: la introducci\u00f3n a los Derechos Humanos, el enfoque de g\u00e9nero, la perspectiva de g\u00e9nero, las diferencias entre sexo y g\u00e9nero, prevenci\u00f3n de violencia de g\u00e9nero y primera acogida de v\u00edctimas de situaciones de violencia intrafamiliar que enfrentan los carabineros en el ejercicio de las funciones diarias como Carabineras y Carabineros como parte de la instituci\u00f3n. Nosotras nos sentimos muy contentas por la invitaci\u00f3n, fue un espacio muy agradable en donde las funcionarias y los funcionarios institucionales participaron activamente, se dio un espacio de conversaci\u00f3n en el que hablamos de estas tem\u00e1ticas que muchas veces son nuevas para los funcionarios, pero fueron muy bien recibidas. Estamos muy contentas con la recepci\u00f3n, con el ambiente que se cre\u00f3. Creemos que esta es una arista de los Derechos Humanos que tiene que ver con la igualdad de g\u00e9nero, en la cual los funcionarios y las funcionarias de Carabineros de Chile tienen que capacitarse, es por eso que se trataron tem\u00e1ticas de igualdad de g\u00e9nero y la diferencia con las acciones de igualdad de g\u00e9nero, tambi\u00e9n vimos tratados internacionales referentes a la tem\u00e1tica, como la Convenci\u00f3n&nbsp; para la Eliminaci\u00f3n de toda forma de Discriminaci\u00f3n contra la Mujer, la Convenci\u00f3n Belem do Para que es para Prevenir, Erradicar y Sancionar la Violencia de G\u00e9nero. Esta acci\u00f3n fue como el primer paso que se dio en formaci\u00f3n en tem\u00e1ticas de g\u00e9nero para los funcionarios de la Prefectura Magallanes. La idea es generar otras instancias en las que podamos profundizar otras tem\u00e1ticas como: estereotipos y roles de g\u00e9nero, as\u00ed como tambi\u00e9n masculinidades.\u201d Expuso Sintia Orellana Y\u00e9venes, Directora de G\u00e9nero, Equidad y Diversidad de la Universidad de Magallanes y Abogada integrante de la Corte de Apelaciones de Punta Arenas.<\/p>\n\n\n\n<p>Pamela Ram\u00edrez Jaramillo, Directora Regional de SERNAC, agreg\u00f3: \u201cLa educaci\u00f3n en materias de consumo, resulta fundamental en la construcci\u00f3n de una cultura de respeto por los derechos de las personas consumidoras. Este tipo de actividades que muestran los derechos de las y los consumidores y algunas nociones b\u00e1sicas de educaci\u00f3n financiera, contribuye a entregar herramientas pr\u00e1cticas que promueven la toma de decisiones financieras m\u00e1s conscientes y responsables.\u201d<\/p>\n\n\n\n<p>Adem\u00e1s participaron de una did\u00e1ctica reuni\u00f3n junto a la abogada Asesora de la Fiscal\u00eda Regional, Amanda Hurtado, en la cual se abord\u00f3 la relaci\u00f3n entre la Corrupci\u00f3n y la afectaci\u00f3n a los Derechos Humanos, analiz\u00e1ndolo como un complejo fen\u00f3meno que afecta fuertemente a la institucionalidad, erosiona la confianza y permite el florecimiento de la delincuencia organizada, pudiendo incluso llegar a desestabilizar el Estado de Derecho.<\/p>\n\n\n\n<p>Al respecto, el Jefe de la Secci\u00f3n de DD.HH. de Carabineros, Capit\u00e1n (J) Juan Gatica Pe\u00f1a se\u00f1al\u00f3: \u201cLas capacitaciones junto con reforzar competencias y habilidades en el personal que realiza labores operativas, permite que mediante el desarrollo de contenidos te\u00f3ricos y actividades pr\u00e1cticas se consiga el objetivo estrat\u00e9gico institucional de fortalecer una cultura de respeto irrestricto de los Derechos Humanos y la Dignidad de las personas.\u201d<\/p>\n","protected":false},"excerpt":{"rendered":"<p>Durante la semana reci\u00e9n pasada personal de Carabineros de diversas unidades y secciones de esta regi\u00f3n se capacita en Derechos Humanos aplicables a la funci\u00f3n policial. La 2da. versi\u00f3n de&#8230; <a class=\"read-more\" href=\"https:\/\/www.radiopresidenteibanez.cl\/web\/carabineros-se-capacita-en-materias-de-genero-inclusion-y-derechos-del-consumidor\/\">Leer m\u00e1s<\/a><\/p>\n","protected":false},"author":2,"featured_media":39944,"comment_status":"closed","ping_status":"closed","sticky":false,"template":"","format":"standard","meta":{"footnotes":""},"categories":[1],"tags":[],"class_list":["post-39943","post","type-post","status-publish","format-standard","has-post-thumbnail","hentry","category-cronica"],"_links":{"self":[{"href":"https:\/\/www.radiopresidenteibanez.cl\/web\/wp-json\/wp\/v2\/posts\/39943","targetHints":{"allow":["GET"]}}],"collection":[{"href":"https:\/\/www.radiopresidenteibanez.cl\/web\/wp-json\/wp\/v2\/posts"}],"about":[{"href":"https:\/\/www.radiopresidenteibanez.cl\/web\/wp-json\/wp\/v2\/types\/post"}],"author":[{"embeddable":true,"href":"https:\/\/www.radiopresidenteibanez.cl\/web\/wp-json\/wp\/v2\/users\/2"}],"replies":[{"embeddable":true,"href":"https:\/\/www.radiopresidenteibanez.cl\/web\/wp-json\/wp\/v2\/comments?post=39943"}],"version-history":[{"count":0,"href":"https:\/\/www.radiopresidenteibanez.cl\/web\/wp-json\/wp\/v2\/posts\/39943\/revisions"}],"wp:featuredmedia":[{"embeddable":true,"href":"https:\/\/www.radiopresidenteibanez.cl\/web\/wp-json\/wp\/v2\/media\/39944"}],"wp:attachment":[{"href":"https:\/\/www.radiopresidenteibanez.cl\/web\/wp-json\/wp\/v2\/media?parent=39943"}],"wp:term":[{"taxonomy":"category","embeddable":true,"href":"https:\/\/www.radiopresidenteibanez.cl\/web\/wp-json\/wp\/v2\/categories?post=39943"},{"taxonomy":"post_tag","embeddable":true,"href":"https:\/\/www.radiopresidenteibanez.cl\/web\/wp-json\/wp\/v2\/tags?post=39943"}],"curies":[{"name":"wp","href":"https:\/\/api.w.org\/{rel}","templated":true}]}}