{"id":39934,"date":"2023-05-25T08:19:11","date_gmt":"2023-05-25T11:19:11","guid":{"rendered":"https:\/\/www.radiopresidenteibanez.cl\/web\/?p=39934"},"modified":"2023-05-25T08:19:19","modified_gmt":"2023-05-25T11:19:19","slug":"coro-croata","status":"publish","type":"post","link":"https:\/\/www.radiopresidenteibanez.cl\/web\/coro-croata\/","title":{"rendered":"CORO CROATA"},"content":{"rendered":"\n<p>El\u00a0<strong>Coro Croata de Punta Arenas<\/strong>\u00a0dirigido por el m\u00fasico magall\u00e1nico Jorge Sharp Galetovic ofrecer\u00e1 un concierto denominado \u00abPor nuestras ausencias\u00bb : Capilla ecum\u00e9nica\u00a0del Cementerio Municipal de P.Arenas, en adhesi\u00f3n al\u00a0<strong>D\u00eda Nacional de los Patrimonios, domingo 28 de Mayo, 12 hrs.<\/strong>, entrada liberada y abierta para toda la comunidad<\/p>\n","protected":false},"excerpt":{"rendered":"<p>El\u00a0Coro Croata de Punta Arenas\u00a0dirigido por el m\u00fasico magall\u00e1nico Jorge Sharp Galetovic ofrecer\u00e1 un concierto denominado \u00abPor nuestras ausencias\u00bb : Capilla ecum\u00e9nica\u00a0del Cementerio Municipal de P.Arenas, en adhesi\u00f3n al\u00a0D\u00eda Nacional&#8230; <a class=\"read-more\" href=\"https:\/\/www.radiopresidenteibanez.cl\/web\/coro-croata\/\">Leer m\u00e1s<\/a><\/p>\n","protected":false},"author":2,"featured_media":39935,"comment_status":"closed","ping_status":"closed","sticky":false,"template":"","format":"standard","meta":{"footnotes":""},"categories":[1],"tags":[],"class_list":["post-39934","post","type-post","status-publish","format-standard","has-post-thumbnail","hentry","category-cronica"],"_links":{"self":[{"href":"https:\/\/www.radiopresidenteibanez.cl\/web\/wp-json\/wp\/v2\/posts\/39934","targetHints":{"allow":["GET"]}}],"collection":[{"href":"https:\/\/www.radiopresidenteibanez.cl\/web\/wp-json\/wp\/v2\/posts"}],"about":[{"href":"https:\/\/www.radiopresidenteibanez.cl\/web\/wp-json\/wp\/v2\/types\/post"}],"author":[{"embeddable":true,"href":"https:\/\/www.radiopresidenteibanez.cl\/web\/wp-json\/wp\/v2\/users\/2"}],"replies":[{"embeddable":true,"href":"https:\/\/www.radiopresidenteibanez.cl\/web\/wp-json\/wp\/v2\/comments?post=39934"}],"version-history":[{"count":0,"href":"https:\/\/www.radiopresidenteibanez.cl\/web\/wp-json\/wp\/v2\/posts\/39934\/revisions"}],"wp:featuredmedia":[{"embeddable":true,"href":"https:\/\/www.radiopresidenteibanez.cl\/web\/wp-json\/wp\/v2\/media\/39935"}],"wp:attachment":[{"href":"https:\/\/www.radiopresidenteibanez.cl\/web\/wp-json\/wp\/v2\/media?parent=39934"}],"wp:term":[{"taxonomy":"category","embeddable":true,"href":"https:\/\/www.radiopresidenteibanez.cl\/web\/wp-json\/wp\/v2\/categories?post=39934"},{"taxonomy":"post_tag","embeddable":true,"href":"https:\/\/www.radiopresidenteibanez.cl\/web\/wp-json\/wp\/v2\/tags?post=39934"}],"curies":[{"name":"wp","href":"https:\/\/api.w.org\/{rel}","templated":true}]}}