{"id":39921,"date":"2023-05-24T15:37:00","date_gmt":"2023-05-24T18:37:00","guid":{"rendered":"https:\/\/www.radiopresidenteibanez.cl\/web\/?p=39921"},"modified":"2023-05-24T11:37:26","modified_gmt":"2023-05-24T14:37:26","slug":"presidenta-de-la-corte-de-punta-arenas-integra-comite-evaluador-del-tercer-concurso-de-sentencias-con-perspectiva-de-genero-de-la-corte-suprema","status":"publish","type":"post","link":"https:\/\/www.radiopresidenteibanez.cl\/web\/presidenta-de-la-corte-de-punta-arenas-integra-comite-evaluador-del-tercer-concurso-de-sentencias-con-perspectiva-de-genero-de-la-corte-suprema\/","title":{"rendered":"PRESIDENTA DE LA CORTE DE PUNTA ARENAS INTEGRA COMITE EVALUADOR DEL TERCER CONCURSO DE SENTENCIAS CON PERSPECTIVA DE GENERO DE LA CORTE SUPREMA"},"content":{"rendered":"\n<p>Con el objetivo de difundir las sentencias dictadas por diferentes tribunales de pa\u00eds y en distintas<br>instancias que han incorporado la normativa nacional e internacional de derechos humanos y la<br>perspectiva de g\u00e9nero, a\u00fan est\u00e1 abierta la convocatoria para postular fallos, y la presidenta de la<br>Corte de Punta Arenas, Caroline Turner, realiz\u00f3 un llamado a la comunidad jur\u00eddica para que<br>sentencias de la jurisdicci\u00f3n Punta Arenas est\u00e9n presentes en esta tercera versi\u00f3n del concurso.<br>El concurso denominado \u201cSentencias con Perspectiva de G\u00e9nero de la Secretar\u00eda T\u00e9cnica de<br>Igualdad de G\u00e9nero y No Discriminaci\u00f3n de la Corte Suprema\u201d, encabezado por la ministra de la<br>Corte Suprema, Andrea Mu\u00f1oz S\u00e1nchez, design\u00f3 a la presidenta de la Corte de Apelaciones de<br>Punta Arenas, Caroline Turner Gonz\u00e1lez, como parte del comit\u00e9 evaluador del concurso. \u201cPor<br>segundo a\u00f1o consecutivo do\u00f1a Andrea Mu\u00f1oz, quien est\u00e1 a cargo de la Secretar\u00eda de G\u00e9nero a<br>nivel nacional, me realiz\u00f3 la invitaci\u00f3n, me sent\u00ed muy sorprendida, muy agradecida sobre todo<br>porque yo cambi\u00e9 mi Corte, a una Corte que es austral y la verdad es que para m\u00ed es un<br>reconocimiento a las Corte que a lo mejor somos m\u00e1s peque\u00f1as\u201d, coment\u00f3 la presidenta Turner.<br>Al concurso pueden postular usuarios\/as, acad\u00e9micos\/as, abogados\/as, estudiantes, funcionariado<br>y magistraturas del pa\u00eds, aportando la documentaci\u00f3n requerida hasta este 31 de mayo a trav\u00e9s de<br>la p\u00e1gina web secretariadegenero.pjud.cl ; Por otro lado, las sentencias que pueden ser objeto de&nbsp;<br>postulaci\u00f3n son las definitivas y firmes, dictadas por tribunales chilenos, representativas de<br>buenas pr\u00e1cticas en la incorporaci\u00f3n de la perspectiva de g\u00e9nero en el razonamiento judicial. \u201cMe<br>parece que no han postulado sentencias de nuestra jurisdicci\u00f3n, las sentencias que se pueden<br>postular son como se\u00f1alaba que tengan en el templo de sus consideraciones, fundamentos,<br>basados en perspectiva de g\u00e9nero, pueden ser de cualquier tipo de materia\u201d, dijo la ministra.<br>El comit\u00e9 evaluador lo conforman la ministra de la Corte Suprema Andrea Mu\u00f1oz, el ministro de la<br>Corte de La Serena Sergio Troncoso, la acad\u00e9mica de derecho penal de la Universidad Cat\u00f3lica<br>Mar\u00eda Soledad Krause, el acad\u00e9mico de derecho laboral de la Universidad Adolfo Ib\u00e1\u00f1ez Sergio<br>Gamonal y la ministra Caroline Turner, quien tambi\u00e9n particip\u00f3 como jurado en el mismo concurso<br>del a\u00f1o pasado.<br>\u201cFue una experiencia muy enriquecedora, es sorprendente la calidad en las sentencias que<br>postularon al concurso (el a\u00f1o pasado). La verdad, los que fuimos jurado se nos puso la tarea muy<br>dif\u00edcil sobre todo porque se trata de comparar sentencias de distintas materias, civiles, penales,<br>incluso de justicia electoral, de familia, en una primera instancia se pensaba que esta era una<br>materia casi reservada a sentencias que est\u00e1n en materias de familias, o como m\u00e1ximo penales<br>pero se ha demostrado que el fallar con perspectiva de g\u00e9nero se hace necesario, se hace justo,<br>tambi\u00e9n en las otras materias mencionadas\u201d, coment\u00f3 la presidenta Turner.<\/p>\n","protected":false},"excerpt":{"rendered":"<p>Con el objetivo de difundir las sentencias dictadas por diferentes tribunales de pa\u00eds y en distintasinstancias que han incorporado la normativa nacional e internacional de derechos humanos y laperspectiva de&#8230; <a class=\"read-more\" href=\"https:\/\/www.radiopresidenteibanez.cl\/web\/presidenta-de-la-corte-de-punta-arenas-integra-comite-evaluador-del-tercer-concurso-de-sentencias-con-perspectiva-de-genero-de-la-corte-suprema\/\">Leer m\u00e1s<\/a><\/p>\n","protected":false},"author":2,"featured_media":39922,"comment_status":"closed","ping_status":"closed","sticky":false,"template":"","format":"standard","meta":{"footnotes":""},"categories":[1],"tags":[],"class_list":["post-39921","post","type-post","status-publish","format-standard","has-post-thumbnail","hentry","category-cronica"],"_links":{"self":[{"href":"https:\/\/www.radiopresidenteibanez.cl\/web\/wp-json\/wp\/v2\/posts\/39921","targetHints":{"allow":["GET"]}}],"collection":[{"href":"https:\/\/www.radiopresidenteibanez.cl\/web\/wp-json\/wp\/v2\/posts"}],"about":[{"href":"https:\/\/www.radiopresidenteibanez.cl\/web\/wp-json\/wp\/v2\/types\/post"}],"author":[{"embeddable":true,"href":"https:\/\/www.radiopresidenteibanez.cl\/web\/wp-json\/wp\/v2\/users\/2"}],"replies":[{"embeddable":true,"href":"https:\/\/www.radiopresidenteibanez.cl\/web\/wp-json\/wp\/v2\/comments?post=39921"}],"version-history":[{"count":0,"href":"https:\/\/www.radiopresidenteibanez.cl\/web\/wp-json\/wp\/v2\/posts\/39921\/revisions"}],"wp:featuredmedia":[{"embeddable":true,"href":"https:\/\/www.radiopresidenteibanez.cl\/web\/wp-json\/wp\/v2\/media\/39922"}],"wp:attachment":[{"href":"https:\/\/www.radiopresidenteibanez.cl\/web\/wp-json\/wp\/v2\/media?parent=39921"}],"wp:term":[{"taxonomy":"category","embeddable":true,"href":"https:\/\/www.radiopresidenteibanez.cl\/web\/wp-json\/wp\/v2\/categories?post=39921"},{"taxonomy":"post_tag","embeddable":true,"href":"https:\/\/www.radiopresidenteibanez.cl\/web\/wp-json\/wp\/v2\/tags?post=39921"}],"curies":[{"name":"wp","href":"https:\/\/api.w.org\/{rel}","templated":true}]}}