{"id":39918,"date":"2023-05-24T14:50:00","date_gmt":"2023-05-24T17:50:00","guid":{"rendered":"https:\/\/www.radiopresidenteibanez.cl\/web\/?p=39918"},"modified":"2023-05-24T11:10:01","modified_gmt":"2023-05-24T14:10:01","slug":"senador-kusanovic-se-reune-con-alcaldesa-de-rio-verde-para-abordar-materias-de-seguridad-y-conectividad-en-la-comuna","status":"publish","type":"post","link":"https:\/\/www.radiopresidenteibanez.cl\/web\/senador-kusanovic-se-reune-con-alcaldesa-de-rio-verde-para-abordar-materias-de-seguridad-y-conectividad-en-la-comuna\/","title":{"rendered":"SENADOR KUSANOVIC SE REUNE CON ALCALDESA DE RIO VERDE PARA ABORDAR MATERIAS DE SEGURIDAD Y CONECTIVIDAD EN LA COMUNA"},"content":{"rendered":"\n<p>Continuando su trabajo territorial, el senador Alejandro Kusanovic se desplaz\u00f3 hasta la comuna de Rio<br>Verde para reunirse con la alcaldesa de Rio Verde, Sabina Ballesteros, instancia en la cual la edil expuso<br>sobre el trabajo realizado durante su gesti\u00f3n y las principales necesidades de la comuna y sus<br>habitantes.<br>La alcaldesa agradeci\u00f3 la visita del parlamentario manifestando que \u201cpara nosotros es super importante<br>luchar contra la descentralizaci\u00f3n y su visita es un avance en ello\u201d. En ese sentido, Ballestero se\u00f1al\u00f3 que<br>\u201cel senador conoci\u00f3 nuestros dolores y necesidades, adem\u00e1s de conversar sobre c\u00f3mo mejorar la<br>gesti\u00f3n p\u00fablica y su experiencia\u201d.<br>Entre los temas tratados en la reuni\u00f3n, Kusanovic resalt\u00f3 la importancia de mejorar el transporte<br>\u201ccoincidimos en la necesidad de mejorar la conectividad hacia Isla Riesco, y los caminos para eso,<br>tambi\u00e9n la necesidad de avanzar en materia de conectividad digital, vital para una comuna rural\u201d,<br>destaco el parlamentario.<br>Concluida la reuni\u00f3n, el senador Alejandro Kusanovic destaca la importancia de conocer de primera<br>mano la realidad de las distintas comunas de la regi\u00f3n, la opini\u00f3n de sus habitantes y las inquietudes de<br>las autoridades locales, y que en el caso de Rio Verde se\u00f1alo \u201ces muy importante avanzar en mayor<br>presencia policial en la comuna, ya que en la actualidad dependen de las rondas que realiza Carabineros<br>desde el Reten de Rio Seco, que est\u00e1 en Punta Arenas, por lo que trabajar\u00e9 este tema en la Comisi\u00f3n de<br>Seguridad Publica\u201d.<\/p>\n","protected":false},"excerpt":{"rendered":"<p>Continuando su trabajo territorial, el senador Alejandro Kusanovic se desplaz\u00f3 hasta la comuna de RioVerde para reunirse con la alcaldesa de Rio Verde, Sabina Ballesteros, instancia en la cual la&#8230; <a class=\"read-more\" href=\"https:\/\/www.radiopresidenteibanez.cl\/web\/senador-kusanovic-se-reune-con-alcaldesa-de-rio-verde-para-abordar-materias-de-seguridad-y-conectividad-en-la-comuna\/\">Leer m\u00e1s<\/a><\/p>\n","protected":false},"author":2,"featured_media":39919,"comment_status":"closed","ping_status":"closed","sticky":false,"template":"","format":"standard","meta":{"footnotes":""},"categories":[1],"tags":[],"class_list":["post-39918","post","type-post","status-publish","format-standard","has-post-thumbnail","hentry","category-cronica"],"_links":{"self":[{"href":"https:\/\/www.radiopresidenteibanez.cl\/web\/wp-json\/wp\/v2\/posts\/39918","targetHints":{"allow":["GET"]}}],"collection":[{"href":"https:\/\/www.radiopresidenteibanez.cl\/web\/wp-json\/wp\/v2\/posts"}],"about":[{"href":"https:\/\/www.radiopresidenteibanez.cl\/web\/wp-json\/wp\/v2\/types\/post"}],"author":[{"embeddable":true,"href":"https:\/\/www.radiopresidenteibanez.cl\/web\/wp-json\/wp\/v2\/users\/2"}],"replies":[{"embeddable":true,"href":"https:\/\/www.radiopresidenteibanez.cl\/web\/wp-json\/wp\/v2\/comments?post=39918"}],"version-history":[{"count":0,"href":"https:\/\/www.radiopresidenteibanez.cl\/web\/wp-json\/wp\/v2\/posts\/39918\/revisions"}],"wp:featuredmedia":[{"embeddable":true,"href":"https:\/\/www.radiopresidenteibanez.cl\/web\/wp-json\/wp\/v2\/media\/39919"}],"wp:attachment":[{"href":"https:\/\/www.radiopresidenteibanez.cl\/web\/wp-json\/wp\/v2\/media?parent=39918"}],"wp:term":[{"taxonomy":"category","embeddable":true,"href":"https:\/\/www.radiopresidenteibanez.cl\/web\/wp-json\/wp\/v2\/categories?post=39918"},{"taxonomy":"post_tag","embeddable":true,"href":"https:\/\/www.radiopresidenteibanez.cl\/web\/wp-json\/wp\/v2\/tags?post=39918"}],"curies":[{"name":"wp","href":"https:\/\/api.w.org\/{rel}","templated":true}]}}