{"id":399,"date":"2019-01-12T00:02:57","date_gmt":"2019-01-12T00:02:57","guid":{"rendered":"http:\/\/www.radiopresidenteibanez.cl\/web\/?p=399"},"modified":"2019-01-12T00:03:19","modified_gmt":"2019-01-12T00:03:19","slug":"sebastian-pinera-anuncio-la-creacion-del-consejo-presidencial-de-los-500-anos","status":"publish","type":"post","link":"https:\/\/www.radiopresidenteibanez.cl\/web\/sebastian-pinera-anuncio-la-creacion-del-consejo-presidencial-de-los-500-anos\/","title":{"rendered":"SEBASTI\u00c1N PI\u00d1ERA ANUNCI\u00d3 LA CREACI\u00d3N DEL CONSEJO PRESIDENCIAL DE LOS 500 A\u00d1OS"},"content":{"rendered":"\n<p>Presidente Sebastian Pi\u00f1era, anunci\u00f3 la creaci\u00f3n del Consejo Presidencial de los 500 a\u00f1os de la circunnavegaci\u00f3n del Estrecho de Magallanes. Este anuncio lo realiz\u00f3 en el sector de la Costanera de Punta Arenas.<\/p>\n","protected":false},"excerpt":{"rendered":"<p>Presidente Sebastian Pi\u00f1era, anunci\u00f3 la creaci\u00f3n del Consejo Presidencial de los 500 a\u00f1os de la circunnavegaci\u00f3n del Estrecho de Magallanes. Este anuncio lo realiz\u00f3 en el sector de la Costanera&#8230; <a class=\"read-more\" href=\"https:\/\/www.radiopresidenteibanez.cl\/web\/sebastian-pinera-anuncio-la-creacion-del-consejo-presidencial-de-los-500-anos\/\">Leer m\u00e1s<\/a><\/p>\n","protected":false},"author":2,"featured_media":400,"comment_status":"closed","ping_status":"closed","sticky":false,"template":"","format":"standard","meta":{"footnotes":""},"categories":[1],"tags":[],"class_list":["post-399","post","type-post","status-publish","format-standard","has-post-thumbnail","hentry","category-cronica"],"_links":{"self":[{"href":"https:\/\/www.radiopresidenteibanez.cl\/web\/wp-json\/wp\/v2\/posts\/399","targetHints":{"allow":["GET"]}}],"collection":[{"href":"https:\/\/www.radiopresidenteibanez.cl\/web\/wp-json\/wp\/v2\/posts"}],"about":[{"href":"https:\/\/www.radiopresidenteibanez.cl\/web\/wp-json\/wp\/v2\/types\/post"}],"author":[{"embeddable":true,"href":"https:\/\/www.radiopresidenteibanez.cl\/web\/wp-json\/wp\/v2\/users\/2"}],"replies":[{"embeddable":true,"href":"https:\/\/www.radiopresidenteibanez.cl\/web\/wp-json\/wp\/v2\/comments?post=399"}],"version-history":[{"count":0,"href":"https:\/\/www.radiopresidenteibanez.cl\/web\/wp-json\/wp\/v2\/posts\/399\/revisions"}],"wp:featuredmedia":[{"embeddable":true,"href":"https:\/\/www.radiopresidenteibanez.cl\/web\/wp-json\/wp\/v2\/media\/400"}],"wp:attachment":[{"href":"https:\/\/www.radiopresidenteibanez.cl\/web\/wp-json\/wp\/v2\/media?parent=399"}],"wp:term":[{"taxonomy":"category","embeddable":true,"href":"https:\/\/www.radiopresidenteibanez.cl\/web\/wp-json\/wp\/v2\/categories?post=399"},{"taxonomy":"post_tag","embeddable":true,"href":"https:\/\/www.radiopresidenteibanez.cl\/web\/wp-json\/wp\/v2\/tags?post=399"}],"curies":[{"name":"wp","href":"https:\/\/api.w.org\/{rel}","templated":true}]}}