{"id":39893,"date":"2023-05-23T17:47:00","date_gmt":"2023-05-23T20:47:00","guid":{"rendered":"https:\/\/www.radiopresidenteibanez.cl\/web\/?p=39893"},"modified":"2023-05-23T16:50:45","modified_gmt":"2023-05-23T19:50:45","slug":"ayer-se-conmemoro-dia-nacional-de-la-memoria-y-educacion-sobre-desastres-socio-naturales","status":"publish","type":"post","link":"https:\/\/www.radiopresidenteibanez.cl\/web\/ayer-se-conmemoro-dia-nacional-de-la-memoria-y-educacion-sobre-desastres-socio-naturales\/","title":{"rendered":"AYER SE CONMEMOR\u00d3 D\u00cdA NACIONAL DE LA MEMORIA Y EDUCACI\u00d3N SOBRE DESASTRES SOCIO NATURALES"},"content":{"rendered":"\n<p>a las 15:11 horas se realiz\u00f3 un minuto de silencio en la Escuela Espa\u00f1a de Punta Arenas, y en distintos establecimientos educacionales a lo largo de Chile, para recordar el momento exacto del terremoto de Valdivia ocurrido en 1960, permitiendo un espacio de reflexi\u00f3n con las y los estudiantes sobre los desastres socio naturales en nuestro territorio.<\/p>\n\n\n\n<p>Estuvieron presentes en esta actividad el seremi de Educaci\u00f3n, Valent\u00edn Aguilera G\u00f3mez, la directora de la escuela, Bernardita Hurtado, y el director regional del Servicio Nacional de Prevenci\u00f3n y Respuesta ante Desastres (Senapred), Juan Carlos Andrades, quienes dialogaron con las y los alumnos del 7\u00b0B de la Escuela Espa\u00f1a, sobre la importancia del D\u00eda Nacional de la Memoria y Educaci\u00f3n sobre Desastres Socio Naturales, que se conmemora el 22 de mayo, seg\u00fan lo establecido por la ley 21.454, que mediante algunos de sus principales art\u00edculos, mandata a las instituciones escolares a estimular la inclusi\u00f3n en los planes de estudio y en la planificaci\u00f3n del a\u00f1o escolar de actividades curriculares y extracurriculares, con el fin de enfatizar la historia de los desastres naturales en el pa\u00eds y las medidas para prevenir y mitigar sus efectos.<\/p>\n\n\n\n<p>\u201cPara el Ministerio de Educaci\u00f3n es muy importante la seguridad en nuestras comunidades educativas. Por eso promovemos que en los distintos establecimientos est\u00e9 en funcionamiento el Plan Integral de Seguridad, Pise, promoviendo espacios para la reflexi\u00f3n sobre los desastres naturales en nuestro pa\u00eds, para generar conciencia y estar preparados. En esta ocasi\u00f3n lo hacemos recordando el terremoto de Valdivia, pero tambi\u00e9n lo contextualizamos para el caso de nuestra regi\u00f3n, a prop\u00f3sito del clima o situaciones espec\u00edficas que vivimos como los desbordes del R\u00edo de las Minas\u201d, explic\u00f3 el seremi de Educaci\u00f3n, Valent\u00edn Aguilera G\u00f3mez.<\/p>\n\n\n\n<p>Por su parte, el director regional de Senapred, Juan Carlos Andrades, afirm\u00f3 que: \u201cTraer a la memoria situaciones como \u00e9stas, que han marcado al mundo para la toma de conciencia, traer a la memoria un recuerdo que si bien es cierto fue catastr\u00f3fico, nos permiten prepararnos. Sobre todo en los ni\u00f1os que son unos replicadores de primera categor\u00eda, ellos ser\u00e1n los replicadores en casa para que la familia se prepare, la comuna y el pa\u00eds se prepare. Un pa\u00eds bien preparado, no solamente un buen respondedor como \u00e9ramos antes\u201d.<\/p>\n\n\n\n<p><strong>Estudiantes<\/strong><\/p>\n\n\n\n<p>La alumna Valentina Catal\u00e1n coment\u00f3 que \u201chace muchos a\u00f1os hubo un terremoto en Valdivia, catalogado como uno de los m\u00e1s fuertes en Chile y en el mundo. Entonces, ahora en este momento hicimos un minuto de silencio por las miles de personas fallecidas\u201d. Por su parte, Digory \u2026 explic\u00f3 que \u201cconversaron sobre qu\u00e9 hacer cuando haya un terremoto u otra cosa en la naturaleza\u201d.<\/p>\n\n\n\n<p><strong>Testimonio<\/strong><\/p>\n\n\n\n<p>Para que los estudiantes conocieran, de primera fuente, lo acontecido hace m\u00e1s de 60 a\u00f1os, la Secreduc invit\u00f3 a participar de la iniciativa a Selma D\u00edaz Mansilla, magall\u00e1nica por adopci\u00f3n, que cuando ni\u00f1a viv\u00eda en Maull\u00edn. \u201cYo ten\u00eda como seis a\u00f1os, fue muy duro, la gente se asust\u00f3 mucho, fue impresionante porque uno no sab\u00eda qu\u00e9 hacer. No hab\u00eda agua, ya que estaba toda sucia donde se revolvi\u00f3 con la tierra. Se abr\u00eda la tierra, se tragaba a los animales. Estuvimos viviendo un mes afuera, esperando que pase, porque temblaba todos los d\u00edas. Es emocionante para m\u00ed estar aqu\u00ed cont\u00e1ndoles a los ni\u00f1os lo que viv\u00ed, para m\u00ed es como si hubiese sido ayer, me qued\u00f3 tan grabado\u201d, record\u00f3.<\/p>\n","protected":false},"excerpt":{"rendered":"<p>a las 15:11 horas se realiz\u00f3 un minuto de silencio en la Escuela Espa\u00f1a de Punta Arenas, y en distintos establecimientos educacionales a lo largo de Chile, para recordar el&#8230; <a class=\"read-more\" href=\"https:\/\/www.radiopresidenteibanez.cl\/web\/ayer-se-conmemoro-dia-nacional-de-la-memoria-y-educacion-sobre-desastres-socio-naturales\/\">Leer m\u00e1s<\/a><\/p>\n","protected":false},"author":2,"featured_media":39894,"comment_status":"closed","ping_status":"closed","sticky":false,"template":"","format":"standard","meta":{"footnotes":""},"categories":[1],"tags":[],"class_list":["post-39893","post","type-post","status-publish","format-standard","has-post-thumbnail","hentry","category-cronica"],"_links":{"self":[{"href":"https:\/\/www.radiopresidenteibanez.cl\/web\/wp-json\/wp\/v2\/posts\/39893","targetHints":{"allow":["GET"]}}],"collection":[{"href":"https:\/\/www.radiopresidenteibanez.cl\/web\/wp-json\/wp\/v2\/posts"}],"about":[{"href":"https:\/\/www.radiopresidenteibanez.cl\/web\/wp-json\/wp\/v2\/types\/post"}],"author":[{"embeddable":true,"href":"https:\/\/www.radiopresidenteibanez.cl\/web\/wp-json\/wp\/v2\/users\/2"}],"replies":[{"embeddable":true,"href":"https:\/\/www.radiopresidenteibanez.cl\/web\/wp-json\/wp\/v2\/comments?post=39893"}],"version-history":[{"count":0,"href":"https:\/\/www.radiopresidenteibanez.cl\/web\/wp-json\/wp\/v2\/posts\/39893\/revisions"}],"wp:featuredmedia":[{"embeddable":true,"href":"https:\/\/www.radiopresidenteibanez.cl\/web\/wp-json\/wp\/v2\/media\/39894"}],"wp:attachment":[{"href":"https:\/\/www.radiopresidenteibanez.cl\/web\/wp-json\/wp\/v2\/media?parent=39893"}],"wp:term":[{"taxonomy":"category","embeddable":true,"href":"https:\/\/www.radiopresidenteibanez.cl\/web\/wp-json\/wp\/v2\/categories?post=39893"},{"taxonomy":"post_tag","embeddable":true,"href":"https:\/\/www.radiopresidenteibanez.cl\/web\/wp-json\/wp\/v2\/tags?post=39893"}],"curies":[{"name":"wp","href":"https:\/\/api.w.org\/{rel}","templated":true}]}}