{"id":39890,"date":"2023-05-23T16:47:00","date_gmt":"2023-05-23T19:47:00","guid":{"rendered":"https:\/\/www.radiopresidenteibanez.cl\/web\/?p=39890"},"modified":"2023-05-23T16:47:07","modified_gmt":"2023-05-23T19:47:07","slug":"vecinos-del-andino-se-interiorizaron-sobre-avance-de-obras-de-tendido-de-red-de-gas-natural","status":"publish","type":"post","link":"https:\/\/www.radiopresidenteibanez.cl\/web\/vecinos-del-andino-se-interiorizaron-sobre-avance-de-obras-de-tendido-de-red-de-gas-natural\/","title":{"rendered":"VECINOS DEL ANDINO SE INTERIORIZARON SOBRE AVANCE DE OBRAS DE TENDIDO DE RED DE GAS NATURAL"},"content":{"rendered":"\n<p>Con funcionarios de la Divisi\u00f3n de Infraestructura y Transportes del Gobierno Regional, como Unidad T\u00e9cnica del proyecto y ejecutivos de GASCO Magallanes, este viernes 19 de mayo se reunieron vecinos del sector Alto Monte Verde del sector Andino quienes se interiorizaron sobre los avances en las obras de tendido de la red de gas natural, una inversi\u00f3n conjunta entre el Gobierno Regional y la empresa distribuidora de gas natural.&nbsp;<\/p>\n\n\n\n<p>Carolina R\u00edos, Presidenta Agrupaci\u00f3n de Vecinos Alto Monte Verde, destac\u00f3 la rapidez con la que se ha ejecutado el proyecto, -que implica una inversi\u00f3n total de&nbsp;$3 mil 400 millones-&nbsp;se\u00f1alando que \u201chan trabajado harto las personas de Inerg\u00e1s (empresa contratista de Gasco), han tenido mucha voluntad por los cierres de caminos, as\u00ed es que super bien.\u201d&nbsp;<\/p>\n\n\n\n<p>Pedro Mart\u00edn, Gerente de Operaciones de GASCO Magallanes destac\u00f3 la excelente relaci\u00f3n que se ha mantenido con los vecinos durante las obras, a la vez que inform\u00f3 la pr\u00f3xima finalizaci\u00f3n de la etapa de refuerzo de la red secundaria en el eje de Avenida Espa\u00f1a.&nbsp;Asimismo, destac\u00f3 la finalizaci\u00f3n de las obras en Monte Verde, sector Las Brujas y el inicio del tendido de gas natural desde el sector Lynch hacia la ruta Y-590 para proseguir cerro abajo por la ruta pavimentada hasta el centro regulador ubicado a la altura e calle Eusebio Lillo.<\/p>\n\n\n\n<p>\u201cEstamos pr\u00f3ximos a finalizar el fortalecimiento de la red secundaria que se requer\u00eda para llevar gas natural al sector Andino y que implic\u00f3 la intervenci\u00f3n del bandej\u00f3n central de Avenida Espa\u00f1a. Paralelamente hemos avanzado a buen ritmo en el tendido de la red terciaria en diversos sectores del Proyecto Andino cumpliendo satisfactoriamente con los plazos establecidos\u201d, destac\u00f3 el ejecutivo.<\/p>\n\n\n\n<p>En tanto, el lunes 22 de mayo se mantuvo una reuni\u00f3n informativa y de coordinaci\u00f3n con vecinos del sector Lynch incluidos en el proyecto original y representantes de otros sectores que desean formar parte de esta iniciativa que implica el tendido de redes de gas natural.<\/p>\n\n\n\n<p>Natalie Salazar, Presidenta Agrupaci\u00f3n Rinc\u00f3n Chileno de Laguna Lynch dijo que \u201cel anhelo es que ning\u00fan vecino quede sin gas, que sean incluidos todos los sectores, hasta los de acceso m\u00e1s complicado, tales como la Primera y Segunda Bajada de R\u00edo, Pasaje 19 y el tramo final del Pasaje 18.\u201d<\/p>\n","protected":false},"excerpt":{"rendered":"<p>Con funcionarios de la Divisi\u00f3n de Infraestructura y Transportes del Gobierno Regional, como Unidad T\u00e9cnica del proyecto y ejecutivos de GASCO Magallanes, este viernes 19 de mayo se reunieron vecinos&#8230; <a class=\"read-more\" href=\"https:\/\/www.radiopresidenteibanez.cl\/web\/vecinos-del-andino-se-interiorizaron-sobre-avance-de-obras-de-tendido-de-red-de-gas-natural\/\">Leer m\u00e1s<\/a><\/p>\n","protected":false},"author":2,"featured_media":39891,"comment_status":"closed","ping_status":"closed","sticky":false,"template":"","format":"standard","meta":{"footnotes":""},"categories":[1],"tags":[],"class_list":["post-39890","post","type-post","status-publish","format-standard","has-post-thumbnail","hentry","category-cronica"],"_links":{"self":[{"href":"https:\/\/www.radiopresidenteibanez.cl\/web\/wp-json\/wp\/v2\/posts\/39890","targetHints":{"allow":["GET"]}}],"collection":[{"href":"https:\/\/www.radiopresidenteibanez.cl\/web\/wp-json\/wp\/v2\/posts"}],"about":[{"href":"https:\/\/www.radiopresidenteibanez.cl\/web\/wp-json\/wp\/v2\/types\/post"}],"author":[{"embeddable":true,"href":"https:\/\/www.radiopresidenteibanez.cl\/web\/wp-json\/wp\/v2\/users\/2"}],"replies":[{"embeddable":true,"href":"https:\/\/www.radiopresidenteibanez.cl\/web\/wp-json\/wp\/v2\/comments?post=39890"}],"version-history":[{"count":0,"href":"https:\/\/www.radiopresidenteibanez.cl\/web\/wp-json\/wp\/v2\/posts\/39890\/revisions"}],"wp:featuredmedia":[{"embeddable":true,"href":"https:\/\/www.radiopresidenteibanez.cl\/web\/wp-json\/wp\/v2\/media\/39891"}],"wp:attachment":[{"href":"https:\/\/www.radiopresidenteibanez.cl\/web\/wp-json\/wp\/v2\/media?parent=39890"}],"wp:term":[{"taxonomy":"category","embeddable":true,"href":"https:\/\/www.radiopresidenteibanez.cl\/web\/wp-json\/wp\/v2\/categories?post=39890"},{"taxonomy":"post_tag","embeddable":true,"href":"https:\/\/www.radiopresidenteibanez.cl\/web\/wp-json\/wp\/v2\/tags?post=39890"}],"curies":[{"name":"wp","href":"https:\/\/api.w.org\/{rel}","templated":true}]}}