{"id":3989,"date":"2019-05-07T19:29:54","date_gmt":"2019-05-07T19:29:54","guid":{"rendered":"http:\/\/www.radiopresidenteibanez.cl\/web\/?p=3989"},"modified":"2019-05-08T02:53:43","modified_gmt":"2019-05-08T02:53:43","slug":"concejal-german-flores-conectar-la-costanera-con-avenida-los-flamencos-sera-un-enorme-beneficio-para-la-comunidad","status":"publish","type":"post","link":"https:\/\/www.radiopresidenteibanez.cl\/web\/concejal-german-flores-conectar-la-costanera-con-avenida-los-flamencos-sera-un-enorme-beneficio-para-la-comunidad\/","title":{"rendered":"CONCEJAL GERM\u00c1N FLORES: \u201cCONECTAR LA COSTANERA CON AVENIDA LOS FLAMENCOS SER\u00c1 UN ENORME BENEFICIO PARA LA COMUNIDAD\u201d"},"content":{"rendered":"\n<p>\u201cHace un a\u00f1o atr\u00e1s no ten\u00edamos nada, hoy ya tenemos un dise\u00f1o de lo que ser\u00e1 la futura conexi\u00f3n entre la Avenida Costanera y la Avenida Los Flamencos, iniciativa de un enorme beneficio para la comunidad. Por eso agradezco a las autoridades de la Universidad de Magallanes, encabezadas por su rector, la voluntad de donar al municipio un tramo de 800 metros de largo por 30 de ancho para la materializaci\u00f3n de esta obra\u201d.<\/p>\n\n\n\n<p>Estas fueron las\npalabras del concejal Germ\u00e1n Flores tras la visita efectuada en terreno junto\nal alcalde de la comuna Claudio Radonich y las autoridades de la UMAG,\nencabezada por su rector Juan Oyarzo, oportunidad en la cual se present\u00f3 un\ndise\u00f1o de lo que ser\u00e1 la obra que conectar\u00e1 ambas avenidas.<\/p>\n\n\n\n<p>\u201cQuiero agradecer\nsinceramente la voluntad que han tenido los representantes de esta casa de\nestudios, cuando el a\u00f1o pasado me reun\u00ed con ellos y a nombre de los vecinos y\nvecinas de Punta Arenas, les hice ver la necesidad de poder contar con este\nterreno para construir una v\u00eda de conectividad, petici\u00f3n que de inmediato tuvo\nuna respuesta positiva, por lo que desde entonces hemos venimos trabajando\u201d,\nse\u00f1al\u00f3 el concejal Flores.<\/p>\n\n\n\n<p>Agreg\u00f3 que una vez que est\u00e9 materializada esta obra, Punta Arenas contar\u00e1 con una nueva v\u00eda de conexi\u00f3n de playa a cerro y viceversa, pero que tambi\u00e9n en el futuro llegar\u00e1 hasta la Avenida Circunvalaci\u00f3n y conectada directamente con el Hospital Cl\u00ednico.<\/p>\n\n\n\n<figure class=\"wp-block-image\"><img loading=\"lazy\" decoding=\"async\" width=\"900\" height=\"675\" src=\"https:\/\/www.radiopresidenteibanez.cl\/web\/wp-content\/uploads\/2019\/05\/IMG_8296-1.jpg\" alt=\"\" class=\"wp-image-3990\" srcset=\"https:\/\/www.radiopresidenteibanez.cl\/web\/wp-content\/uploads\/2019\/05\/IMG_8296-1.jpg 900w, https:\/\/www.radiopresidenteibanez.cl\/web\/wp-content\/uploads\/2019\/05\/IMG_8296-1-300x225.jpg 300w, https:\/\/www.radiopresidenteibanez.cl\/web\/wp-content\/uploads\/2019\/05\/IMG_8296-1-768x576.jpg 768w\" sizes=\"auto, (max-width: 900px) 100vw, 900px\" \/><\/figure>\n","protected":false},"excerpt":{"rendered":"<p>\u201cHace un a\u00f1o atr\u00e1s no ten\u00edamos nada, hoy ya tenemos un dise\u00f1o de lo que ser\u00e1 la futura conexi\u00f3n entre la Avenida Costanera y la Avenida Los Flamencos, iniciativa de&#8230; <a class=\"read-more\" href=\"https:\/\/www.radiopresidenteibanez.cl\/web\/concejal-german-flores-conectar-la-costanera-con-avenida-los-flamencos-sera-un-enorme-beneficio-para-la-comunidad\/\">Leer m\u00e1s<\/a><\/p>\n","protected":false},"author":2,"featured_media":3990,"comment_status":"closed","ping_status":"closed","sticky":false,"template":"","format":"standard","meta":{"footnotes":""},"categories":[1],"tags":[],"class_list":["post-3989","post","type-post","status-publish","format-standard","has-post-thumbnail","hentry","category-cronica"],"_links":{"self":[{"href":"https:\/\/www.radiopresidenteibanez.cl\/web\/wp-json\/wp\/v2\/posts\/3989","targetHints":{"allow":["GET"]}}],"collection":[{"href":"https:\/\/www.radiopresidenteibanez.cl\/web\/wp-json\/wp\/v2\/posts"}],"about":[{"href":"https:\/\/www.radiopresidenteibanez.cl\/web\/wp-json\/wp\/v2\/types\/post"}],"author":[{"embeddable":true,"href":"https:\/\/www.radiopresidenteibanez.cl\/web\/wp-json\/wp\/v2\/users\/2"}],"replies":[{"embeddable":true,"href":"https:\/\/www.radiopresidenteibanez.cl\/web\/wp-json\/wp\/v2\/comments?post=3989"}],"version-history":[{"count":0,"href":"https:\/\/www.radiopresidenteibanez.cl\/web\/wp-json\/wp\/v2\/posts\/3989\/revisions"}],"wp:featuredmedia":[{"embeddable":true,"href":"https:\/\/www.radiopresidenteibanez.cl\/web\/wp-json\/wp\/v2\/media\/3990"}],"wp:attachment":[{"href":"https:\/\/www.radiopresidenteibanez.cl\/web\/wp-json\/wp\/v2\/media?parent=3989"}],"wp:term":[{"taxonomy":"category","embeddable":true,"href":"https:\/\/www.radiopresidenteibanez.cl\/web\/wp-json\/wp\/v2\/categories?post=3989"},{"taxonomy":"post_tag","embeddable":true,"href":"https:\/\/www.radiopresidenteibanez.cl\/web\/wp-json\/wp\/v2\/tags?post=3989"}],"curies":[{"name":"wp","href":"https:\/\/api.w.org\/{rel}","templated":true}]}}