{"id":3987,"date":"2019-05-07T18:41:00","date_gmt":"2019-05-07T18:41:00","guid":{"rendered":"http:\/\/www.radiopresidenteibanez.cl\/web\/?p=3987"},"modified":"2019-05-07T18:41:40","modified_gmt":"2019-05-07T18:41:40","slug":"diputada-amar-por-pensiones-de-supervivencia-no-me-parece-justo-entregar-pensiones-discriminatorias-y-meramente-simbolicas","status":"publish","type":"post","link":"https:\/\/www.radiopresidenteibanez.cl\/web\/diputada-amar-por-pensiones-de-supervivencia-no-me-parece-justo-entregar-pensiones-discriminatorias-y-meramente-simbolicas\/","title":{"rendered":"DIPUTADA AMAR POR PENSIONES DE SUPERVIVENCIA: \u201cNO ME PARECE JUSTO ENTREGAR PENSIONES DISCRIMINATORIAS Y MERAMENTE SIMB\u00d3LICAS\u201d"},"content":{"rendered":"\n<p>Mediante un proyecto de resoluci\u00f3n la diputada UDI, Sandra Amar, solicit\u00f3 al Presidente de la Rep\u00fablica modificar la actual a Ley 16.744 en lo relativo al sistema vigente sobre pensiones de supervivencia.<\/p>\n\n\n\n<p>Al respecto, la diputada Amar indic\u00f3 que hace esta solicitud porque \u201cla Ley actual es odiosamente injusta y discriminatoria\u201d. Este punto lo afirma explicando en qu\u00e9 consiste la Ley: \u201c\u00e9sta se\u00f1ala que en caso de que un accidente o enfermedad produjera la muerte del afiliado, o si por alg\u00fan motivo fallece el inv\u00e1lido pensionado, la c\u00f3nyuge \u2013\u00fanicamente mujer- y mayor de 45 a\u00f1os, tendr\u00e1 derecho a una pensi\u00f3n vitalicia, pero equivalente solo a un 50% de la pensi\u00f3n b\u00e1sica que este habr\u00eda recibido; y si la sobreviviente tuviere menos de 45 a\u00f1os, recibir\u00e1 esta pensi\u00f3n por el plazo m\u00e1ximo de un a\u00f1o\u201d.<\/p>\n\n\n\n<p>Para Amar, las reglas contempladas en los art\u00edculos de esta Ley son discriminatorios e insuficientes porque \u201cla recepci\u00f3n de este monto es claramente deficiente tomando en cuenta las circunstancias sociales en las cuales se desenvuelven los beneficiarios de estos bienes, adem\u00e1s de ser tremendamente discriminatorio en t\u00e9rminos de edad y sexo\u201d.<\/p>\n\n\n\n<p>La misiva presentada por la diputada de Magallanes responde a una inquietud que ha escuchado desde hace a\u00f1os, por lo que a su juicio, \u201ccon esta modificaci\u00f3n avanzamos hacia la consagraci\u00f3n de la igualdad de derecho de las personas independientemente de su edad y su sexo, y vamos en &nbsp;busca de un aumento significativo de la pensi\u00f3n que percibe el c\u00f3nyuge sobreviviente\u201d.<\/p>\n\n\n\n<p>Para la parlamentaria gremialista, este tema reviste un asunto trascendental si se toma en cuenta el progresivo aumento del costo de vida, \u201cadem\u00e1s, no parece justo entregar pensiones discriminatorias y meramente simb\u00f3licas\u201d, sentenci\u00f3 la parlamentaria. <\/p>\n\n\n\n<figure class=\"wp-block-image\"><img loading=\"lazy\" decoding=\"async\" width=\"1000\" height=\"562\" src=\"http:\/\/www.radiopresidenteibanez.cl\/web\/wp-content\/uploads\/2019\/04\/2017-08-21-sandra-amar-candidata.jpg\" alt=\"\" class=\"wp-image-3008\" srcset=\"https:\/\/www.radiopresidenteibanez.cl\/web\/wp-content\/uploads\/2019\/04\/2017-08-21-sandra-amar-candidata.jpg 1000w, https:\/\/www.radiopresidenteibanez.cl\/web\/wp-content\/uploads\/2019\/04\/2017-08-21-sandra-amar-candidata-300x169.jpg 300w, https:\/\/www.radiopresidenteibanez.cl\/web\/wp-content\/uploads\/2019\/04\/2017-08-21-sandra-amar-candidata-768x432.jpg 768w\" sizes=\"auto, (max-width: 1000px) 100vw, 1000px\" \/><\/figure>\n","protected":false},"excerpt":{"rendered":"<p>Mediante un proyecto de resoluci\u00f3n la diputada UDI, Sandra Amar, solicit\u00f3 al Presidente de la Rep\u00fablica modificar la actual a Ley 16.744 en lo relativo al sistema vigente sobre pensiones&#8230; <a class=\"read-more\" href=\"https:\/\/www.radiopresidenteibanez.cl\/web\/diputada-amar-por-pensiones-de-supervivencia-no-me-parece-justo-entregar-pensiones-discriminatorias-y-meramente-simbolicas\/\">Leer m\u00e1s<\/a><\/p>\n","protected":false},"author":2,"featured_media":3008,"comment_status":"closed","ping_status":"closed","sticky":false,"template":"","format":"standard","meta":{"footnotes":""},"categories":[1],"tags":[],"class_list":["post-3987","post","type-post","status-publish","format-standard","has-post-thumbnail","hentry","category-cronica"],"_links":{"self":[{"href":"https:\/\/www.radiopresidenteibanez.cl\/web\/wp-json\/wp\/v2\/posts\/3987","targetHints":{"allow":["GET"]}}],"collection":[{"href":"https:\/\/www.radiopresidenteibanez.cl\/web\/wp-json\/wp\/v2\/posts"}],"about":[{"href":"https:\/\/www.radiopresidenteibanez.cl\/web\/wp-json\/wp\/v2\/types\/post"}],"author":[{"embeddable":true,"href":"https:\/\/www.radiopresidenteibanez.cl\/web\/wp-json\/wp\/v2\/users\/2"}],"replies":[{"embeddable":true,"href":"https:\/\/www.radiopresidenteibanez.cl\/web\/wp-json\/wp\/v2\/comments?post=3987"}],"version-history":[{"count":0,"href":"https:\/\/www.radiopresidenteibanez.cl\/web\/wp-json\/wp\/v2\/posts\/3987\/revisions"}],"wp:featuredmedia":[{"embeddable":true,"href":"https:\/\/www.radiopresidenteibanez.cl\/web\/wp-json\/wp\/v2\/media\/3008"}],"wp:attachment":[{"href":"https:\/\/www.radiopresidenteibanez.cl\/web\/wp-json\/wp\/v2\/media?parent=3987"}],"wp:term":[{"taxonomy":"category","embeddable":true,"href":"https:\/\/www.radiopresidenteibanez.cl\/web\/wp-json\/wp\/v2\/categories?post=3987"},{"taxonomy":"post_tag","embeddable":true,"href":"https:\/\/www.radiopresidenteibanez.cl\/web\/wp-json\/wp\/v2\/tags?post=3987"}],"curies":[{"name":"wp","href":"https:\/\/api.w.org\/{rel}","templated":true}]}}